{"id":4325,"date":"2023-12-21T17:45:53","date_gmt":"2023-12-21T17:45:53","guid":{"rendered":"http:\/\/www.cudecoop.coop\/cudecoop\/?p=4325"},"modified":"2024-04-15T20:16:43","modified_gmt":"2024-04-15T20:16:43","slug":"inscripciones-abiertas-especialista-en-gestion-cooperativa","status":"publish","type":"post","link":"https:\/\/www.cudecoop.coop\/cudecoop\/inscripciones-abiertas-especialista-en-gestion-cooperativa\/","title":{"rendered":"Inscripciones abiertas &#8211; Especializaci\u00f3n en Gesti\u00f3n Cooperativa"},"content":{"rendered":"<p><strong>Pr\u00f3ximo comienzo: 15 de abril de 2024<\/strong><\/p>\n<p>El curso tiene por finalidad generar en los participantes las competencias necesarias para la gesti\u00f3n integral de las cooperativas desde sus respectivos roles tanto institucionales como t\u00e9cnicos.<\/p>\n<p>Destinado a dirigentes de Cooperativas que cumplen roles institucionales y\/o t\u00e9cnicos en los Comit\u00e9s de Educaci\u00f3n, Fomento e Integraci\u00f3n Cooperativa.- Tambi\u00e9n est\u00e1 dirigido a profesionales y t\u00e9cnicos que trabajan vinculados al sector o que buscan hacerlo. Tanto para participantes de Uruguay como de otros pa\u00edses.<\/p>\n<p>Se trata de un curso virtual asincr\u00f3nico dictado a trav\u00e9s de la plataforma Moodle. La duraci\u00f3n prevista es de 30 semanas.<\/p>\n<p>M\u00e1s informaci\u00f3n y formulario de inscripci\u00f3n <a href=\"https:\/\/www.cudecoop.coop\/cudecoop\/educacion-cooperativa\/\">aqu\u00ed&nbsp;<\/a><\/p>\n","protected":false},"excerpt":{"rendered":"<p>Pr\u00f3ximo comienzo: 15 de abril de 2024 El curso tiene por finalidad generar en los participantes las competencias necesarias para la gesti\u00f3n integral de las cooperativas desde sus respectivos roles tanto institucionales como t\u00e9cnicos. Destinado a dirigentes de Cooperativas que cumplen roles institucionales y\/o t\u00e9cnicos en los Comit\u00e9s de Educaci\u00f3n, Fomento e Integraci\u00f3n Cooperativa.- Tambi\u00e9n est\u00e1 dirigido a profesionales y t\u00e9cnicos que trabajan vinculados al sector o que buscan hacerlo. Tanto para participantes de Uruguay como de otros pa\u00edses. Se trata de un curso virtual asincr\u00f3nico dictado a trav\u00e9s de la plataforma Moodle. La duraci\u00f3n prevista es de 30 semanas. [&#8230;]<\/p>\n","protected":false},"author":27,"featured_media":4326,"comment_status":"open","ping_status":"open","sticky":false,"template":"","format":"standard","meta":{"_acf_changed":false,"ngg_post_thumbnail":0,"footnotes":""},"categories":[7,6,1],"tags":[],"class_list":["post-4325","post","type-post","status-publish","format-standard","has-post-thumbnail","hentry","category-cooperativas","category-institucionales","category-noticias"],"acf":[],"_links":{"self":[{"href":"https:\/\/www.cudecoop.coop\/cudecoop\/wp-json\/wp\/v2\/posts\/4325","targetHints":{"allow":["GET"]}}],"collection":[{"href":"https:\/\/www.cudecoop.coop\/cudecoop\/wp-json\/wp\/v2\/posts"}],"about":[{"href":"https:\/\/www.cudecoop.coop\/cudecoop\/wp-json\/wp\/v2\/types\/post"}],"author":[{"embeddable":true,"href":"https:\/\/www.cudecoop.coop\/cudecoop\/wp-json\/wp\/v2\/users\/27"}],"replies":[{"embeddable":true,"href":"https:\/\/www.cudecoop.coop\/cudecoop\/wp-json\/wp\/v2\/comments?post=4325"}],"version-history":[{"count":2,"href":"https:\/\/www.cudecoop.coop\/cudecoop\/wp-json\/wp\/v2\/posts\/4325\/revisions"}],"predecessor-version":[{"id":4328,"href":"https:\/\/www.cudecoop.coop\/cudecoop\/wp-json\/wp\/v2\/posts\/4325\/revisions\/4328"}],"wp:featuredmedia":[{"embeddable":true,"href":"https:\/\/www.cudecoop.coop\/cudecoop\/wp-json\/wp\/v2\/media\/4326"}],"wp:attachment":[{"href":"https:\/\/www.cudecoop.coop\/cudecoop\/wp-json\/wp\/v2\/media?parent=4325"}],"wp:term":[{"taxonomy":"category","embeddable":true,"href":"https:\/\/www.cudecoop.coop\/cudecoop\/wp-json\/wp\/v2\/categories?post=4325"},{"taxonomy":"post_tag","embeddable":true,"href":"https:\/\/www.cudecoop.coop\/cudecoop\/wp-json\/wp\/v2\/tags?post=4325"}],"curies":[{"name":"wp","href":"https:\/\/api.w.org\/{rel}","templated":true}]}}