{"id":4309,"date":"2023-12-18T19:05:32","date_gmt":"2023-12-18T19:05:32","guid":{"rendered":"http:\/\/www.cudecoop.coop\/cudecoop\/?p=4309"},"modified":"2023-12-18T19:09:38","modified_gmt":"2023-12-18T19:09:38","slug":"se-realizo-jornada-de-trabajo-y-cierre-2023-del-equipo-del-programa-de-desarrollo-territorial","status":"publish","type":"post","link":"https:\/\/www.cudecoop.coop\/cudecoop\/se-realizo-jornada-de-trabajo-y-cierre-2023-del-equipo-del-programa-de-desarrollo-territorial\/","title":{"rendered":"Se realiz\u00f3 la jornada de trabajo y cierre 2023 del equipo del Programa de Desarrollo Territorial"},"content":{"rendered":"<p>El mi\u00e9rcoles 13 de diciembre, en Sede de Fecovi, se realiz\u00f3 un d\u00eda de encuentro e intercambio a modo de balance 2023 y planificaci\u00f3n del a\u00f1o que comienza.<\/p>\n<p>Participaron Promotoras y Promotores de todos los Departamentos: Marcos Montero por Canelones; Carolina Calupr\u00e9 por Maldonado, Valeria Aguilar por Paysand\u00fa; Jorge Vaz por Salto; Leticia Silva por Florida; Karina Priore por Treinta y Tres; Brisa De Giacomi por Colonia; Ezequiel Fascioli por Soriano y Dahi\u00e1n Techera por R\u00edo Negro. Por el Equipo T\u00e9cnico de Cudecoop participaron Alicia Kuster, Coordinadora del Programa de Desarrollo Territorial, Silvana Avondet, Coordinadora del \u00c1rea de Desarrollo Cooperativo y Romina Ottonello, Asistente de Comunicaci\u00f3n.&nbsp; Compartimos un almuerzo de confraternizaci\u00f3n del que participaron tambi\u00e9n Gabriel Isola, Coordinador General de Cudecoop y Daniel Egger, responsable del Proyecto Movimiento Cooperativo por Uruguay Sostenible.&nbsp;<\/p>\n<p>Durante la ma\u00f1ana&nbsp;se trabaj\u00f3 en formato taller sobre &#8220;El Desarrollo Territorial y el rol articulador en las Mesas Intercooperativas del Uruguay&#8221; a cargo de la M\u00e1g. en Desarrollo Local Andrea Baccino.<br \/>\nA la tarde, las actividades estuvieron a cargo del M\u00e1g. en Psicolog\u00eda y Educaci\u00f3n Marcelo Aguirre, quien facilit\u00f3 el trabajo en equipo para fortalecer tiempos, comunicaci\u00f3n, confianza y trabajo colectivo.<br \/>\nEstas herramientas son base para fortalecer a\u00f1o a a\u00f1o la articulaci\u00f3n entre las cooperativas y las Mesas aportando al movimiento cooperativo en todo el territorio nacional.<br \/>\nAl cierre, como resultado del trabajo, se proyectaron los desaf\u00edos del 2024 con actividades que retoman en febrero.<\/p>\n<div id='gallery-1' class='gallery galleryid-4309 gallery-columns-6 gallery-size-large'><figure class='gallery-item'>\n\t\t\t<div class='gallery-icon landscape'>\n\t\t\t\t<a href='https:\/\/www.cudecoop.coop\/cudecoop\/se-realizo-jornada-de-trabajo-y-cierre-2023-del-equipo-del-programa-de-desarrollo-territorial\/whatsapp-image-2023-12-18-at-15-37-48-2\/'><img loading=\"lazy\" decoding=\"async\" width=\"525\" height=\"394\" src=\"https:\/\/www.cudecoop.coop\/cudecoop\/wp-content\/uploads\/2023\/12\/WhatsApp-Image-2023-12-18-at-15.37.48-2-1024x768.jpeg\" class=\"attachment-large size-large\" alt=\"\" srcset=\"https:\/\/www.cudecoop.coop\/cudecoop\/wp-content\/uploads\/2023\/12\/WhatsApp-Image-2023-12-18-at-15.37.48-2-1024x768.jpeg 1024w, https:\/\/www.cudecoop.coop\/cudecoop\/wp-content\/uploads\/2023\/12\/WhatsApp-Image-2023-12-18-at-15.37.48-2-300x225.jpeg 300w, https:\/\/www.cudecoop.coop\/cudecoop\/wp-content\/uploads\/2023\/12\/WhatsApp-Image-2023-12-18-at-15.37.48-2-768x576.jpeg 768w, https:\/\/www.cudecoop.coop\/cudecoop\/wp-content\/uploads\/2023\/12\/WhatsApp-Image-2023-12-18-at-15.37.48-2-24x18.jpeg 24w, https:\/\/www.cudecoop.coop\/cudecoop\/wp-content\/uploads\/2023\/12\/WhatsApp-Image-2023-12-18-at-15.37.48-2-36x27.jpeg 36w, https:\/\/www.cudecoop.coop\/cudecoop\/wp-content\/uploads\/2023\/12\/WhatsApp-Image-2023-12-18-at-15.37.48-2-48x36.jpeg 48w, https:\/\/www.cudecoop.coop\/cudecoop\/wp-content\/uploads\/2023\/12\/WhatsApp-Image-2023-12-18-at-15.37.48-2.jpeg 2048w\" sizes=\"auto, 100vw\" \/><\/a>\n\t\t\t<\/div><\/figure><figure class='gallery-item'>\n\t\t\t<div class='gallery-icon portrait'>\n\t\t\t\t<a href='https:\/\/www.cudecoop.coop\/cudecoop\/se-realizo-jornada-de-trabajo-y-cierre-2023-del-equipo-del-programa-de-desarrollo-territorial\/whatsapp-image-2023-12-18-at-15-37-47\/'><img loading=\"lazy\" decoding=\"async\" width=\"525\" height=\"700\" src=\"https:\/\/www.cudecoop.coop\/cudecoop\/wp-content\/uploads\/2023\/12\/WhatsApp-Image-2023-12-18-at-15.37.47-768x1024.jpeg\" class=\"attachment-large size-large\" alt=\"\" srcset=\"https:\/\/www.cudecoop.coop\/cudecoop\/wp-content\/uploads\/2023\/12\/WhatsApp-Image-2023-12-18-at-15.37.47-768x1024.jpeg 768w, https:\/\/www.cudecoop.coop\/cudecoop\/wp-content\/uploads\/2023\/12\/WhatsApp-Image-2023-12-18-at-15.37.47-225x300.jpeg 225w, https:\/\/www.cudecoop.coop\/cudecoop\/wp-content\/uploads\/2023\/12\/WhatsApp-Image-2023-12-18-at-15.37.47-18x24.jpeg 18w, https:\/\/www.cudecoop.coop\/cudecoop\/wp-content\/uploads\/2023\/12\/WhatsApp-Image-2023-12-18-at-15.37.47-27x36.jpeg 27w, https:\/\/www.cudecoop.coop\/cudecoop\/wp-content\/uploads\/2023\/12\/WhatsApp-Image-2023-12-18-at-15.37.47-36x48.jpeg 36w, https:\/\/www.cudecoop.coop\/cudecoop\/wp-content\/uploads\/2023\/12\/WhatsApp-Image-2023-12-18-at-15.37.47.jpeg 1536w\" sizes=\"auto, 100vw\" \/><\/a>\n\t\t\t<\/div><\/figure><figure class='gallery-item'>\n\t\t\t<div class='gallery-icon landscape'>\n\t\t\t\t<a href='https:\/\/www.cudecoop.coop\/cudecoop\/se-realizo-jornada-de-trabajo-y-cierre-2023-del-equipo-del-programa-de-desarrollo-territorial\/whatsapp-image-2023-12-18-at-15-37-42-1\/'><img loading=\"lazy\" decoding=\"async\" width=\"525\" height=\"394\" src=\"https:\/\/www.cudecoop.coop\/cudecoop\/wp-content\/uploads\/2023\/12\/WhatsApp-Image-2023-12-18-at-15.37.42-1-1024x768.jpeg\" class=\"attachment-large size-large\" alt=\"\" srcset=\"https:\/\/www.cudecoop.coop\/cudecoop\/wp-content\/uploads\/2023\/12\/WhatsApp-Image-2023-12-18-at-15.37.42-1-1024x768.jpeg 1024w, https:\/\/www.cudecoop.coop\/cudecoop\/wp-content\/uploads\/2023\/12\/WhatsApp-Image-2023-12-18-at-15.37.42-1-300x225.jpeg 300w, https:\/\/www.cudecoop.coop\/cudecoop\/wp-content\/uploads\/2023\/12\/WhatsApp-Image-2023-12-18-at-15.37.42-1-768x576.jpeg 768w, https:\/\/www.cudecoop.coop\/cudecoop\/wp-content\/uploads\/2023\/12\/WhatsApp-Image-2023-12-18-at-15.37.42-1-24x18.jpeg 24w, https:\/\/www.cudecoop.coop\/cudecoop\/wp-content\/uploads\/2023\/12\/WhatsApp-Image-2023-12-18-at-15.37.42-1-36x27.jpeg 36w, https:\/\/www.cudecoop.coop\/cudecoop\/wp-content\/uploads\/2023\/12\/WhatsApp-Image-2023-12-18-at-15.37.42-1-48x36.jpeg 48w, https:\/\/www.cudecoop.coop\/cudecoop\/wp-content\/uploads\/2023\/12\/WhatsApp-Image-2023-12-18-at-15.37.42-1.jpeg 2048w\" sizes=\"auto, 100vw\" \/><\/a>\n\t\t\t<\/div><\/figure>\n\t\t<\/div>\n\n","protected":false},"excerpt":{"rendered":"<p>El mi\u00e9rcoles 13 de diciembre, en Sede de Fecovi, se realiz\u00f3 un d\u00eda de encuentro e intercambio a modo de balance 2023 y planificaci\u00f3n del a\u00f1o que comienza. Participaron Promotoras y Promotores de todos los Departamentos: Marcos Montero por Canelones; Carolina Calupr\u00e9 por Maldonado, Valeria Aguilar por Paysand\u00fa; Jorge Vaz por Salto; Leticia Silva por Florida; Karina Priore por Treinta y Tres; Brisa De Giacomi por Colonia; Ezequiel Fascioli por Soriano y Dahi\u00e1n Techera por R\u00edo Negro. Por el Equipo T\u00e9cnico de Cudecoop participaron Alicia Kuster, Coordinadora del Programa de Desarrollo Territorial, Silvana Avondet, Coordinadora del \u00c1rea de Desarrollo Cooperativo [&#8230;]<\/p>\n","protected":false},"author":27,"featured_media":4310,"comment_status":"open","ping_status":"open","sticky":false,"template":"","format":"standard","meta":{"_acf_changed":false,"ngg_post_thumbnail":0,"footnotes":""},"categories":[7,6,1],"tags":[],"class_list":["post-4309","post","type-post","status-publish","format-standard","has-post-thumbnail","hentry","category-cooperativas","category-institucionales","category-noticias"],"acf":[],"_links":{"self":[{"href":"https:\/\/www.cudecoop.coop\/cudecoop\/wp-json\/wp\/v2\/posts\/4309","targetHints":{"allow":["GET"]}}],"collection":[{"href":"https:\/\/www.cudecoop.coop\/cudecoop\/wp-json\/wp\/v2\/posts"}],"about":[{"href":"https:\/\/www.cudecoop.coop\/cudecoop\/wp-json\/wp\/v2\/types\/post"}],"author":[{"embeddable":true,"href":"https:\/\/www.cudecoop.coop\/cudecoop\/wp-json\/wp\/v2\/users\/27"}],"replies":[{"embeddable":true,"href":"https:\/\/www.cudecoop.coop\/cudecoop\/wp-json\/wp\/v2\/comments?post=4309"}],"version-history":[{"count":5,"href":"https:\/\/www.cudecoop.coop\/cudecoop\/wp-json\/wp\/v2\/posts\/4309\/revisions"}],"predecessor-version":[{"id":4323,"href":"https:\/\/www.cudecoop.coop\/cudecoop\/wp-json\/wp\/v2\/posts\/4309\/revisions\/4323"}],"wp:featuredmedia":[{"embeddable":true,"href":"https:\/\/www.cudecoop.coop\/cudecoop\/wp-json\/wp\/v2\/media\/4310"}],"wp:attachment":[{"href":"https:\/\/www.cudecoop.coop\/cudecoop\/wp-json\/wp\/v2\/media?parent=4309"}],"wp:term":[{"taxonomy":"category","embeddable":true,"href":"https:\/\/www.cudecoop.coop\/cudecoop\/wp-json\/wp\/v2\/categories?post=4309"},{"taxonomy":"post_tag","embeddable":true,"href":"https:\/\/www.cudecoop.coop\/cudecoop\/wp-json\/wp\/v2\/tags?post=4309"}],"curies":[{"name":"wp","href":"https:\/\/api.w.org\/{rel}","templated":true}]}}