{"id":4305,"date":"2023-12-13T21:16:12","date_gmt":"2023-12-13T21:16:12","guid":{"rendered":"http:\/\/www.cudecoop.coop\/cudecoop\/?p=4305"},"modified":"2023-12-13T21:16:12","modified_gmt":"2023-12-13T21:16:12","slug":"cooperativismo-uruguayo-presente-en-la-xxiii-conferencia-regional-de-cooperativas-de-las-americas","status":"publish","type":"post","link":"https:\/\/www.cudecoop.coop\/cudecoop\/cooperativismo-uruguayo-presente-en-la-xxiii-conferencia-regional-de-cooperativas-de-las-americas\/","title":{"rendered":"Cooperativismo uruguayo presente en la XXIII Conferencia Regional de Cooperativas de las Am\u00e9ricas"},"content":{"rendered":"<p>Entre los d\u00edas 27&nbsp;y 30 de noviembre, bajo el lema EconoM\u00eda &#8220;Perspectivas econ\u00f3micas, sociales y ambientales para el cooperativismo del futuro en las Am\u00e9ricas&#8221;,&nbsp; se realiz\u00f3 la XXIII Conferencia Regional de Cooperativas de las Am\u00e9ricas en Comayagua, Honduras.<\/p>\n<p>Las dos primeras jornadas estuvieron signadas por el trabajo del Comit\u00e9 Ejecutivo, el Consejo de Administraci\u00f3n y los Comit\u00e9s y Redes Sectoriales y Tem\u00e1ticos de Cooperativas de las Am\u00e9ricas. Se realiz\u00f3 el inicio del proceso de planificaci\u00f3n 2023 &#8211; 2027 de la organizaci\u00f3n regional de ACI y el monitoreo del trabajo sectorial y tem\u00e1tico de los organimos asesores del Consejo Regional.&nbsp;<\/p>\n<p>De las actividades centrales, realizadas los d\u00edas 29 y 30, participaron&nbsp;distintas autoridades del movimiento cooperativo&nbsp;regional y mundial, as\u00ed como&nbsp;representantes de distintos gobiernos e instituciones que estuvieron&nbsp;de forma presencial y&nbsp;virtual, acerc\u00e1ndose al millar de participantes.<\/p>\n<p>En la primera jornada destacamos la participaci\u00f3n de Graciela Fern\u00e1ndez, presidenta de Cooperativas de las Am\u00e9ricas, quien se\u00f1al\u00f3: &#8220;Para las cooperativas, la econom\u00eda se basa en principios y valores, debe ser para las personas y las comunidades, apuntando a un desarrollo comunitario y territorial&#8221;. Esa tarde Fern\u00e1ndez recibi\u00f3 la llave de la Ciudad de Comayagua, antigua capital de Honduras, de manos del Alcalde Carlos Miranda Canales y su equipo de Gobierno.<\/p>\n<p>Las actividades estuvieron divididas en diferentes paneles de intercambio que abordaron cuatro l\u00edneas centrales:<\/p>\n<p>&#8211; &#8220;Desde la cadena lineal a la econom\u00eda circular: cooperativizar los sistemas alimentarios&#8221;<\/p>\n<p>&#8211; &#8220;La finanza cooperativa motor de alianzas, inclusi\u00f3n y oportunidades de integraci\u00f3n&#8221;<\/p>\n<p>&#8211; &#8220;Generaci\u00f3n de trabajo digno, desde los territorios aportes al desarrollo social y la sostenibilidad&#8221;<\/p>\n<p>&#8211; &#8220;Invertir en el conocimiento de j\u00f3venes y mujeres para superar las brechas y desigualdades Regionales&#8221;.<\/p>\n<p>El d\u00eda 30&nbsp;Alicia Maneiro, presidenta de Cudecoop, particip\u00f3 desde su rol de presidenta de la Red de&nbsp; Cooperativas&nbsp;de&nbsp;Vivienda&nbsp;de las Am\u00e9ricas&nbsp;en&nbsp;el Panel \u201cServicios p\u00fablicos esenciales para el desarrollo local: una mirada del cooperativismo\u201d.&nbsp;Por su parte, Juan Carlos Canessa, secretario de Cudecoop, en su rol de Director de Incubacoop, present\u00f3 la experiencia de la incubaci\u00f3n cooperativa uruguaya.&nbsp;Tambi\u00e9n particip\u00f3 Mart\u00edn Fern\u00e1ndez, presidente de INACOOP, en su rol de coordinador del Comit\u00e9 Regional de Organismos de Promoci\u00f3n y Contralor&nbsp; Cooperativos.<\/p>\n<p>Destacamos la firma de los acuerdos regionales entre Cooperativas de las Am\u00e9ricas con la Social Economy Europe y la Escuela Andaluza de Econom\u00eda Social en pos de apostar al trabajo conjunto de cara al 2025, A\u00f1o Internacional de las Cooperativas declarado por Naciones Unidas,&nbsp;as\u00ed como las destacadas intervenciones in-situ, de&nbsp;Paula Narv\u00e1ez, presidenta del Consejo Econ\u00f3mico&nbsp;y Social&nbsp;de Naciones Unidas y&nbsp;de&nbsp;Mario Lubetkin, Director Regional de FAO para Am\u00e9rica Latina.<\/p>\n<p>La Dra.&nbsp;Graciela Fern\u00e1ndez&nbsp;fue la encargada de realizar el cierre del evento, agradeciendo el enorme compromiso asumido por las cooperativas hondure\u00f1as co-responsables de la exitosa organizaci\u00f3n de la Conferencia, y celebrando el importante reconocimiento intergubernamental y posicionamiento alcanzado por las cooperativas de la Regi\u00f3n.&nbsp;<\/p>\n","protected":false},"excerpt":{"rendered":"<p>Entre los d\u00edas 27&nbsp;y 30 de noviembre, bajo el lema EconoM\u00eda &#8220;Perspectivas econ\u00f3micas, sociales y ambientales para el cooperativismo del futuro en las Am\u00e9ricas&#8221;,&nbsp; se realiz\u00f3 la XXIII Conferencia Regional de Cooperativas de las Am\u00e9ricas en Comayagua, Honduras. Las dos primeras jornadas estuvieron signadas por el trabajo del Comit\u00e9 Ejecutivo, el Consejo de Administraci\u00f3n y los Comit\u00e9s y Redes Sectoriales y Tem\u00e1ticos de Cooperativas de las Am\u00e9ricas. Se realiz\u00f3 el inicio del proceso de planificaci\u00f3n 2023 &#8211; 2027 de la organizaci\u00f3n regional de ACI y el monitoreo del trabajo sectorial y tem\u00e1tico de los organimos asesores del Consejo Regional.&nbsp; De [&#8230;]<\/p>\n","protected":false},"author":27,"featured_media":4297,"comment_status":"open","ping_status":"open","sticky":false,"template":"","format":"standard","meta":{"_acf_changed":false,"ngg_post_thumbnail":0,"footnotes":""},"categories":[7,6,1],"tags":[],"class_list":["post-4305","post","type-post","status-publish","format-standard","has-post-thumbnail","hentry","category-cooperativas","category-institucionales","category-noticias"],"acf":[],"_links":{"self":[{"href":"https:\/\/www.cudecoop.coop\/cudecoop\/wp-json\/wp\/v2\/posts\/4305","targetHints":{"allow":["GET"]}}],"collection":[{"href":"https:\/\/www.cudecoop.coop\/cudecoop\/wp-json\/wp\/v2\/posts"}],"about":[{"href":"https:\/\/www.cudecoop.coop\/cudecoop\/wp-json\/wp\/v2\/types\/post"}],"author":[{"embeddable":true,"href":"https:\/\/www.cudecoop.coop\/cudecoop\/wp-json\/wp\/v2\/users\/27"}],"replies":[{"embeddable":true,"href":"https:\/\/www.cudecoop.coop\/cudecoop\/wp-json\/wp\/v2\/comments?post=4305"}],"version-history":[{"count":1,"href":"https:\/\/www.cudecoop.coop\/cudecoop\/wp-json\/wp\/v2\/posts\/4305\/revisions"}],"predecessor-version":[{"id":4306,"href":"https:\/\/www.cudecoop.coop\/cudecoop\/wp-json\/wp\/v2\/posts\/4305\/revisions\/4306"}],"wp:featuredmedia":[{"embeddable":true,"href":"https:\/\/www.cudecoop.coop\/cudecoop\/wp-json\/wp\/v2\/media\/4297"}],"wp:attachment":[{"href":"https:\/\/www.cudecoop.coop\/cudecoop\/wp-json\/wp\/v2\/media?parent=4305"}],"wp:term":[{"taxonomy":"category","embeddable":true,"href":"https:\/\/www.cudecoop.coop\/cudecoop\/wp-json\/wp\/v2\/categories?post=4305"},{"taxonomy":"post_tag","embeddable":true,"href":"https:\/\/www.cudecoop.coop\/cudecoop\/wp-json\/wp\/v2\/tags?post=4305"}],"curies":[{"name":"wp","href":"https:\/\/api.w.org\/{rel}","templated":true}]}}