{"id":4299,"date":"2023-12-11T19:23:53","date_gmt":"2023-12-11T19:23:53","guid":{"rendered":"http:\/\/www.cudecoop.coop\/cudecoop\/?p=4299"},"modified":"2023-12-11T19:25:09","modified_gmt":"2023-12-11T19:25:09","slug":"4299-2","status":"publish","type":"post","link":"https:\/\/www.cudecoop.coop\/cudecoop\/4299-2\/","title":{"rendered":"Se conform\u00f3 la Red de Cooperativas de Comunicaci\u00f3n del Uruguay"},"content":{"rendered":"<h1 class=\"single-post-title entry-title\">Se conform\u00f3 la Red de Cooperativas de Comunicaci\u00f3n del Urugua<\/h1>\n<p>*Nota de FCPU.COOP<\/p>\n<p><strong>Durante cuatro meses, siete cooperativas de comunicaci\u00f3n del Uruguay trabajaron en la conformaci\u00f3n de la \u201cRed de Cooperativas de Comunicaci\u00f3n del Uruguay\u201d, un espacio de intercambio y construcci\u00f3n colectiva que busca fortalecer el sector cooperativo a trav\u00e9s de la mejora de su comunicaci\u00f3n. El proyecto fue parte del programa Redes Empresariales 2023 de la Agencia Nacional de Desarrollo.<\/strong><\/p>\n<p>La Red se conforma como una alianza estrat\u00e9gica entre las cooperativas de trabajo del sector de Informaci\u00f3n y Comunicaci\u00f3n, al servicio del movimiento cooperativo en general y de las cooperativas en particular. Defini\u00f3 en su documento base que todo el accionar de la red se basar\u00e1 en los Principios y Valores del Cooperativismo, con especial \u00e9nfasis en la cooperaci\u00f3n entre cooperativas (Intercooperativismo). Se basar\u00e1 en acuerdos de confianza, solidaridad y compromiso entre las cooperativas integrantes, de manera de fortalecer la red como un todo.<\/p>\n<p>Su cometido principal estar\u00e1 en brindar servicios de comunicaci\u00f3n orientados a brindar respuestas concretas a los problemas de informaci\u00f3n y comunicaci\u00f3n de las cooperativas en particular y del movimiento cooperativo en general, orientado su accionar a trav\u00e9s de un abordaje integral multidisciplinario que involucre las distintas etapas del proceso comunicacional, incluyendo la generaci\u00f3n de capacidades al interior de las cooperativas, como forma de contribuir a la sustentabilidad de las intervenciones en comunicaci\u00f3n e informaci\u00f3n.&nbsp;<\/p>\n<p>La integran siete cooperativas (Adhoc, Cuenco, Intergalactic, Kreativa, la diaria, MediaRed y Subte) y cuenta con el impulso de la Federaci\u00f3n de Cooperativas de Producci\u00f3n del Uruguay (FCPU) que acompa\u00f1a las diferentes instancias a trav\u00e9s de su equipo t\u00e9cnico y administrativa.<\/p>\n<p>Para Jos\u00e9 Olascuaga, coordinador del proyecto, se\u00f1al\u00f3 que los objetivos que se buscan alcanzar son en clave del trabajo desde una perspectiva de intercooperativismo, de complementariedad, de lograr sinergias, lograr un producto m\u00e1s integral, que complemente las capacidades y los aportes espec\u00edficos que se pueden hacer desde cada \u00e1rea concreta de la comunicaci\u00f3n. Olascuaga sostiene que&nbsp;<em>\u201cen este mundo actual que vivimos la comunicaci\u00f3n resulta algo cada vez m\u00e1s fundamental y que abarca diversas vertientes, del periodismo m\u00e1s tradicional; desde el periodismo al marketing digital, el audiovisual, el mundo de la comunicaci\u00f3n no convencional, la radio, y otras experiencias que buscan unir para lograr un producto m\u00e1s integral, no solo para las cooperativas en particular sino el movimiento en general\u201d<\/em>.<\/p>\n<p>El trabajo contin\u00faa, y el proyecto final de la red es la elaboraci\u00f3n de un proyecto que ser\u00e1 presentado a la fase dos del Programa ANDE (implementaci\u00f3n) y que buscar\u00e1 generar respuestas a las necesidades del mundo cooperativo en materia de comunicaci\u00f3n.<\/p>\n<p>El objetivo del Programa es promover y fortalecer redes empresariales que permitan atender de forma conjunta las necesidades de las mipymes del pa\u00eds, mediante la identificaci\u00f3n de problem\u00e1ticas y oportunidades comunes, y la implementaci\u00f3n de acciones para abordarlas y se espera que a trav\u00e9s del trabajo colaborativo, las empresas logren mejorar la competitividad, desarrollando proyectos que incorporen mejoras en su gesti\u00f3n, productividad, sustentabilidad e innovaci\u00f3n.<\/p>\n<p>&nbsp;<\/p>\n<p><iframe loading=\"lazy\" title=\"Mundo Cooperativo (programa emitido s\u00e1bado 23 de setiembre de 2023)\" width=\"525\" height=\"295\" src=\"https:\/\/www.youtube.com\/embed\/lUq9fesUTm4?feature=oembed\" frameborder=\"0\" allow=\"accelerometer; autoplay; clipboard-write; encrypted-media; gyroscope; picture-in-picture; web-share\" referrerpolicy=\"strict-origin-when-cross-origin\" allowfullscreen><\/iframe><\/p>\n","protected":false},"excerpt":{"rendered":"<p>Se conform\u00f3 la Red de Cooperativas de Comunicaci\u00f3n del Urugua *Nota de FCPU.COOP Durante cuatro meses, siete cooperativas de comunicaci\u00f3n del Uruguay trabajaron en la conformaci\u00f3n de la \u201cRed de Cooperativas de Comunicaci\u00f3n del Uruguay\u201d, un espacio de intercambio y construcci\u00f3n colectiva que busca fortalecer el sector cooperativo a trav\u00e9s de la mejora de su comunicaci\u00f3n. El proyecto fue parte del programa Redes Empresariales 2023 de la Agencia Nacional de Desarrollo. La Red se conforma como una alianza estrat\u00e9gica entre las cooperativas de trabajo del sector de Informaci\u00f3n y Comunicaci\u00f3n, al servicio del movimiento cooperativo en general y de las [&#8230;]<\/p>\n","protected":false},"author":27,"featured_media":0,"comment_status":"open","ping_status":"open","sticky":false,"template":"","format":"standard","meta":{"_acf_changed":false,"ngg_post_thumbnail":0,"footnotes":""},"categories":[7,6,1],"tags":[],"class_list":["post-4299","post","type-post","status-publish","format-standard","hentry","category-cooperativas","category-institucionales","category-noticias"],"acf":[],"_links":{"self":[{"href":"https:\/\/www.cudecoop.coop\/cudecoop\/wp-json\/wp\/v2\/posts\/4299","targetHints":{"allow":["GET"]}}],"collection":[{"href":"https:\/\/www.cudecoop.coop\/cudecoop\/wp-json\/wp\/v2\/posts"}],"about":[{"href":"https:\/\/www.cudecoop.coop\/cudecoop\/wp-json\/wp\/v2\/types\/post"}],"author":[{"embeddable":true,"href":"https:\/\/www.cudecoop.coop\/cudecoop\/wp-json\/wp\/v2\/users\/27"}],"replies":[{"embeddable":true,"href":"https:\/\/www.cudecoop.coop\/cudecoop\/wp-json\/wp\/v2\/comments?post=4299"}],"version-history":[{"count":3,"href":"https:\/\/www.cudecoop.coop\/cudecoop\/wp-json\/wp\/v2\/posts\/4299\/revisions"}],"predecessor-version":[{"id":4303,"href":"https:\/\/www.cudecoop.coop\/cudecoop\/wp-json\/wp\/v2\/posts\/4299\/revisions\/4303"}],"wp:attachment":[{"href":"https:\/\/www.cudecoop.coop\/cudecoop\/wp-json\/wp\/v2\/media?parent=4299"}],"wp:term":[{"taxonomy":"category","embeddable":true,"href":"https:\/\/www.cudecoop.coop\/cudecoop\/wp-json\/wp\/v2\/categories?post=4299"},{"taxonomy":"post_tag","embeddable":true,"href":"https:\/\/www.cudecoop.coop\/cudecoop\/wp-json\/wp\/v2\/tags?post=4299"}],"curies":[{"name":"wp","href":"https:\/\/api.w.org\/{rel}","templated":true}]}}