{"id":4294,"date":"2023-12-11T14:24:47","date_gmt":"2023-12-11T14:24:47","guid":{"rendered":"http:\/\/www.cudecoop.coop\/cudecoop\/?p=4294"},"modified":"2023-12-11T14:24:47","modified_gmt":"2023-12-11T14:24:47","slug":"cooperativismo-presente-en-diagonal-foro-barrial-y-festival-de-bienes-comunes-del-municipio-b-2","status":"publish","type":"post","link":"https:\/\/www.cudecoop.coop\/cudecoop\/cooperativismo-presente-en-diagonal-foro-barrial-y-festival-de-bienes-comunes-del-municipio-b-2\/","title":{"rendered":"Cooperativismo presente en &#8220;Diagonal, foro barrial y festival de bienes comunes&#8221;  del Municipio B"},"content":{"rendered":"<p>El&nbsp;pasado&nbsp;s\u00e1bado 18 de noviembre&nbsp;CUDECOOP y varias de sus socias&nbsp;participaron&nbsp;del evento:&nbsp;\u201cDiagonal, foro barrial y festival de bienes comunes\u201d organizado por el Municipio B de la Intendencia de Montevideo en el MUMI \u2013 Museo de las Migraciones.<\/p>\n<p>Alicia Maneiro, presidenta de Cudecoop,&nbsp;particip\u00f3 durante la&nbsp;mesa de&nbsp;apertura \u201cProducci\u00f3n alternativa de la ciudad\u201d&nbsp;en un rico intercambio con referentes de otras organizaciones sociales y del gobierno local.&nbsp;<\/p>\n<p>CUDECOOP cont\u00f3 con un&nbsp;stand&nbsp;en d\u00f3nde&nbsp;participaron integrantes del&nbsp;equipo&nbsp;t\u00e9cnico&nbsp;de Cudecoop y se presentaron los proyectos Incubacoop y Movimiento Cooperativo por Uruguay Sostenible.<\/p>\n<p>Visitaron el lugar cooperativistas de todas las modalidades que se acercaron a intercambiar y jugar a la Trivia Cooperativa, adem\u00e1s de recorrer el espacio en el que distintas cooperativas expusieron sobre su trabajo. Estuvieron presentes distintas Federaciones&nbsp;y socias, entre ellas FUCC,&nbsp;FECOVI, FUCVAM,&nbsp;FCPU&nbsp;y CCU, as\u00ed como decenas de&nbsp;cooperativas&nbsp;de base&nbsp;de m\u00faltiples sectores:&nbsp;UCOT, COTRANS, FUCEREP, COMAG, y decenas de cooperativas de vivienda.&nbsp;<\/p>\n<p>Desde el movimiento cooperativo se articul\u00f3 el taller de&nbsp;&#8220;Econom\u00edas solidarias y transformadoras y Ciudades cooperativas y propiedad colectiva&#8221;, del que participaron casi 100 personas.&nbsp;<\/p>\n<p>El soporte audiovisual y la cantina&nbsp;estuvieron gestionadas por&nbsp;una&nbsp;serie de&nbsp;cooperativas&nbsp;en construcci\u00f3n del entorno&nbsp;de&nbsp;Diagonal Fabini,&nbsp;con la intenci\u00f3n de apoyarlas generando ingresos.<\/p>\n<p>Esta jornada&nbsp;anual busca&nbsp;conocer, compartir y celebrar las experiencias de&nbsp;democratizaci\u00f3n de los barrios de la ciudad y&nbsp;la construcci\u00f3n de&nbsp;una&nbsp;narraci\u00f3n colectiva&nbsp;de la vida en el Municipio. La experiencia fue valorada favorablemente por las y los presentes quienes desde su lugar y aporte se comprometieron a contribuir al trabajo conjunto.&nbsp;<\/p>\n<p>Desde CUDECOOP, se realizar\u00e1 la programaci\u00f3n de actividades 2024 de la Mesa Intercooperativa del Municipio B, el pr\u00f3ximo jueves 7 de diciembre a las 19:00 hs. en la sede de la Confederaci\u00f3n.&nbsp;<\/p>\n","protected":false},"excerpt":{"rendered":"<p>El&nbsp;pasado&nbsp;s\u00e1bado 18 de noviembre&nbsp;CUDECOOP y varias de sus socias&nbsp;participaron&nbsp;del evento:&nbsp;\u201cDiagonal, foro barrial y festival de bienes comunes\u201d organizado por el Municipio B de la Intendencia de Montevideo en el MUMI \u2013 Museo de las Migraciones. Alicia Maneiro, presidenta de Cudecoop,&nbsp;particip\u00f3 durante la&nbsp;mesa de&nbsp;apertura \u201cProducci\u00f3n alternativa de la ciudad\u201d&nbsp;en un rico intercambio con referentes de otras organizaciones sociales y del gobierno local.&nbsp; CUDECOOP cont\u00f3 con un&nbsp;stand&nbsp;en d\u00f3nde&nbsp;participaron integrantes del&nbsp;equipo&nbsp;t\u00e9cnico&nbsp;de Cudecoop y se presentaron los proyectos Incubacoop y Movimiento Cooperativo por Uruguay Sostenible. Visitaron el lugar cooperativistas de todas las modalidades que se acercaron a intercambiar y jugar a la Trivia Cooperativa, [&#8230;]<\/p>\n","protected":false},"author":27,"featured_media":4283,"comment_status":"open","ping_status":"open","sticky":false,"template":"","format":"standard","meta":{"_acf_changed":false,"ngg_post_thumbnail":0,"footnotes":""},"categories":[7,6,1],"tags":[],"class_list":["post-4294","post","type-post","status-publish","format-standard","has-post-thumbnail","hentry","category-cooperativas","category-institucionales","category-noticias"],"acf":[],"_links":{"self":[{"href":"https:\/\/www.cudecoop.coop\/cudecoop\/wp-json\/wp\/v2\/posts\/4294","targetHints":{"allow":["GET"]}}],"collection":[{"href":"https:\/\/www.cudecoop.coop\/cudecoop\/wp-json\/wp\/v2\/posts"}],"about":[{"href":"https:\/\/www.cudecoop.coop\/cudecoop\/wp-json\/wp\/v2\/types\/post"}],"author":[{"embeddable":true,"href":"https:\/\/www.cudecoop.coop\/cudecoop\/wp-json\/wp\/v2\/users\/27"}],"replies":[{"embeddable":true,"href":"https:\/\/www.cudecoop.coop\/cudecoop\/wp-json\/wp\/v2\/comments?post=4294"}],"version-history":[{"count":1,"href":"https:\/\/www.cudecoop.coop\/cudecoop\/wp-json\/wp\/v2\/posts\/4294\/revisions"}],"predecessor-version":[{"id":4295,"href":"https:\/\/www.cudecoop.coop\/cudecoop\/wp-json\/wp\/v2\/posts\/4294\/revisions\/4295"}],"wp:featuredmedia":[{"embeddable":true,"href":"https:\/\/www.cudecoop.coop\/cudecoop\/wp-json\/wp\/v2\/media\/4283"}],"wp:attachment":[{"href":"https:\/\/www.cudecoop.coop\/cudecoop\/wp-json\/wp\/v2\/media?parent=4294"}],"wp:term":[{"taxonomy":"category","embeddable":true,"href":"https:\/\/www.cudecoop.coop\/cudecoop\/wp-json\/wp\/v2\/categories?post=4294"},{"taxonomy":"post_tag","embeddable":true,"href":"https:\/\/www.cudecoop.coop\/cudecoop\/wp-json\/wp\/v2\/tags?post=4294"}],"curies":[{"name":"wp","href":"https:\/\/api.w.org\/{rel}","templated":true}]}}