{"id":4285,"date":"2023-12-05T15:11:36","date_gmt":"2023-12-05T15:11:36","guid":{"rendered":"http:\/\/www.cudecoop.coop\/cudecoop\/?p=4285"},"modified":"2023-12-05T16:12:58","modified_gmt":"2023-12-05T16:12:58","slug":"1era-jornada-de-trabajo-sobre-las-propuestas-programaticas-del-cooperativismo-2024","status":"publish","type":"post","link":"https:\/\/www.cudecoop.coop\/cudecoop\/1era-jornada-de-trabajo-sobre-las-propuestas-programaticas-del-cooperativismo-2024\/","title":{"rendered":"1era Jornada de trabajo sobre las Propuestas Program\u00e1ticas del cooperativismo 2024"},"content":{"rendered":"<p><span style=\"color: #666666; font-size: 1.125rem;\">El s\u00e1bado 25 de noviembre se realiz\u00f3 la 1era Jornada de trabajo sobre las Propuestas Program\u00e1ticas del cooperativismo 2024 en el local de la Asociaci\u00f3n de Jubilados Administrativos y Especializados de los Casinos Municipales (AJAECAM).<\/span><\/p>\n<blockquote class=\"gmail_quote\">\n<div dir=\"ltr\">\n<p>El encuentro tuvo como objetivo comenzar a trabajar en documentos que ser\u00e1n presentados durante el primer semestre del pr\u00f3ximo a\u00f1o a candidatas y candidatos a la Presidencia de la Rep\u00fablica. La jornada se dividi\u00f3 en distintos bloques en los que se abordaron diferentes cuestiones de cara a las pr\u00f3ximas elecciones nacionales.&nbsp;<\/p>\n<p>Participaron integrantes del Consejo de Directivo de Cudecoop junto a autoridades y equipos t\u00e9cnicos de las&nbsp;organizaciones&nbsp;socias.&nbsp;<\/p>\n<p>Durante las primeras horas, se present\u00f3 el material de trabajo y&nbsp;se realiz\u00f3&nbsp;una&nbsp;evaluaci\u00f3n&nbsp;del alcance y actualidad de las Propuestas Program\u00e1ticas presentadas en 2019: &#8220;Un sector cooperativo consolidado es el camino a un pa\u00eds sostenible&#8221;.<\/p>\n<p>En modalidad de subgrupos y mesas de trabajo, se desarrollaron distintos intercambios transversalizados por dos puntos disparadores:<\/p>\n<p>1 &#8211; \u00bfQu\u00e9 evaluaci\u00f3n hace respecto a la concreci\u00f3n de las Propuestas Program\u00e1ticas 2019? \u00bfCu\u00e1les han quedado rezagadas y habr\u00eda que priorizar en la pr\u00f3xima administraci\u00f3n?<\/p>\n<p>2 &#8211; \u00bfCu\u00e1les son las nuevas necesidades sociales, econ\u00f3micas y\/o culturales que las cooperativas podr\u00edan resolver y qu\u00e9 nuevas pol\u00edticas p\u00fablicas habr\u00eda que proponer?<\/p>\n<p>En los espacios de trabajo se realizaron&nbsp;m\u00faltiples&nbsp;aportes, un rico intercambio y un primer listado de conclusiones y prioridades.<\/p>\n<p>Tras la puesta en com\u00fan y la plenaria compartida,&nbsp;se realiz\u00f3 un almuerzo de confraternizaci\u00f3n y despedida del a\u00f1o.<\/p>\n<p>Los aportes y el trabajo realizado&nbsp;ser\u00e1n bases&nbsp;para el trabajo de elaboraci\u00f3n del a\u00f1o pr\u00f3ximo, en un proceso que llevar\u00e1 m\u00faltiples instancias de recepci\u00f3n de aportes, e identificaci\u00f3n de prioridades hasta la aprobaci\u00f3n definitiva de las nuevas Propuestas Program\u00e1ticas del Movimiento.<\/p>\n<\/div>\n<\/blockquote>\n","protected":false},"excerpt":{"rendered":"<p>El s\u00e1bado 25 de noviembre se realiz\u00f3 la 1era Jornada de trabajo sobre las Propuestas Program\u00e1ticas del cooperativismo 2024 en el local de la Asociaci\u00f3n de Jubilados Administrativos y Especializados de los Casinos Municipales (AJAECAM). El encuentro tuvo como objetivo comenzar a trabajar en documentos que ser\u00e1n presentados durante el primer semestre del pr\u00f3ximo a\u00f1o a candidatas y candidatos a la Presidencia de la Rep\u00fablica. La jornada se dividi\u00f3 en distintos bloques en los que se abordaron diferentes cuestiones de cara a las pr\u00f3ximas elecciones nacionales.&nbsp; Participaron integrantes del Consejo de Directivo de Cudecoop junto a autoridades y equipos t\u00e9cnicos [&#8230;]<\/p>\n","protected":false},"author":27,"featured_media":4291,"comment_status":"open","ping_status":"open","sticky":false,"template":"","format":"standard","meta":{"_acf_changed":false,"ngg_post_thumbnail":0,"footnotes":""},"categories":[7,6,1],"tags":[],"class_list":["post-4285","post","type-post","status-publish","format-standard","has-post-thumbnail","hentry","category-cooperativas","category-institucionales","category-noticias"],"acf":[],"_links":{"self":[{"href":"https:\/\/www.cudecoop.coop\/cudecoop\/wp-json\/wp\/v2\/posts\/4285","targetHints":{"allow":["GET"]}}],"collection":[{"href":"https:\/\/www.cudecoop.coop\/cudecoop\/wp-json\/wp\/v2\/posts"}],"about":[{"href":"https:\/\/www.cudecoop.coop\/cudecoop\/wp-json\/wp\/v2\/types\/post"}],"author":[{"embeddable":true,"href":"https:\/\/www.cudecoop.coop\/cudecoop\/wp-json\/wp\/v2\/users\/27"}],"replies":[{"embeddable":true,"href":"https:\/\/www.cudecoop.coop\/cudecoop\/wp-json\/wp\/v2\/comments?post=4285"}],"version-history":[{"count":2,"href":"https:\/\/www.cudecoop.coop\/cudecoop\/wp-json\/wp\/v2\/posts\/4285\/revisions"}],"predecessor-version":[{"id":4290,"href":"https:\/\/www.cudecoop.coop\/cudecoop\/wp-json\/wp\/v2\/posts\/4285\/revisions\/4290"}],"wp:featuredmedia":[{"embeddable":true,"href":"https:\/\/www.cudecoop.coop\/cudecoop\/wp-json\/wp\/v2\/media\/4291"}],"wp:attachment":[{"href":"https:\/\/www.cudecoop.coop\/cudecoop\/wp-json\/wp\/v2\/media?parent=4285"}],"wp:term":[{"taxonomy":"category","embeddable":true,"href":"https:\/\/www.cudecoop.coop\/cudecoop\/wp-json\/wp\/v2\/categories?post=4285"},{"taxonomy":"post_tag","embeddable":true,"href":"https:\/\/www.cudecoop.coop\/cudecoop\/wp-json\/wp\/v2\/tags?post=4285"}],"curies":[{"name":"wp","href":"https:\/\/api.w.org\/{rel}","templated":true}]}}