{"id":4278,"date":"2023-11-23T19:53:58","date_gmt":"2023-11-23T19:53:58","guid":{"rendered":"http:\/\/www.cudecoop.coop\/cudecoop\/?p=4278"},"modified":"2023-12-18T14:44:55","modified_gmt":"2023-12-18T14:44:55","slug":"se-realizo-el-6to-encuentro-nacional-de-genero-y-cooperativismo","status":"publish","type":"post","link":"https:\/\/www.cudecoop.coop\/cudecoop\/se-realizo-el-6to-encuentro-nacional-de-genero-y-cooperativismo\/","title":{"rendered":"SE REALIZ\u00d3 EL 6TO ENCUENTRO NACIONAL DE G\u00c9NERO Y COOPERATIVISMO"},"content":{"rendered":"<p>Durante los d\u00edas 17 y 18 de noviembre se realiz\u00f3 el 6to Encuentro Nacional de G\u00e9nero y Cooperativismo. En las actividades, que se desarrollaron en R\u00edo Branco y Lago Mer\u00edn, se hicieron presentes 120 cooperativistas de todo el pa\u00eds.&nbsp;<\/p>\n<p>En la noche del viernes se realiz\u00f3 un Cine Foro en el que se proyect\u00f3&nbsp;la pel\u00edcula \u201cThe Rochdale Pioneers\u201d para luego debatir y habilitar el intercambio sobre el filme. Esta actividad, en modalidad de cine a cielo abierto, cont\u00f3 adem\u00e1s con la participaci\u00f3n de vecinas y vecinos que se acercaron a conocer m\u00e1s sobre el movimiento cooperativo.&nbsp;<\/p>\n<p>En la jornada del s\u00e1bado, mujeres y hombres de distintos Departamentos participaron de din\u00e1micas en las que se trabajaron tem\u00e1ticas vinculadas a violencia, liderazgo, participaci\u00f3n en espacios de decisi\u00f3n de las cooperativas e incorporaci\u00f3n de la perspectiva de g\u00e9nero en la normativa. Adem\u00e1s se trabaj\u00f3 en un nuevo eje como primer acercamiento a tem\u00e1ticas vinculadas a violencia est\u00e9tica y diversidad corporal.&nbsp;<\/p>\n<p>Distintas referentes y liderezas del movimiento cooperativo acompa\u00f1aron estas jornadas, entre ellas destacamos la participaci\u00f3n de Marisol Fuentes, 1era vicepresidenta de Cudecoop, \u00c1ngeles Dati, vicepresidenta 2da y presidenta de la Comisi\u00f3n de G\u00e9nero de Cudecoop e integrantes de distintas Federaciones y Comisiones vinculadas a la tem\u00e1tica. Se hicieron presentes de forma virtual Alicia Maneiro, presidenta de Cudecoop; Graciela Fern\u00e1ndez, presidenta de Cooperativas de las Am\u00e9ricas; Juan Carlos Canessa, secretario de Cudecoop y Fredy Rond\u00e1n, tesorero de la Confederaci\u00f3n.&nbsp;<\/p>\n<p>Las actividades fueron enmarcadas en Melo &#8211; Capital Nacional del Cooperativismo 2023 y contaron con la colaboraci\u00f3n fundamental del Municipio de R\u00edo Branco. Las jornadas tuvieron el apoyo del Proyecto \u201cLiderazgo cooperativo con perspectiva de g\u00e9nero\u201d organizado por FCPU y Cudecoop, financiado por Inefop.<\/p>\n<p>Entre las personas presentes se construy\u00f3 la declaratoria por el 25N &#8220;Cooperativismo libre de violencia&#8221; que pueden ver <a href=\"https:\/\/www.facebook.com\/CUDECOOP\/posts\/pfbid02zkdwnkBaUFQjA4Xw3jeSSvcMfX4xSzty5QxZSsVwsJgnnkEaUq2MaSf5FDHjzjjbl\">aqu\u00ed<\/a>.<\/p>\n","protected":false},"excerpt":{"rendered":"<p>Durante los d\u00edas 17 y 18 de noviembre se realiz\u00f3 el 6to Encuentro Nacional de G\u00e9nero y Cooperativismo. En las actividades, que se desarrollaron en R\u00edo Branco y Lago Mer\u00edn, se hicieron presentes 120 cooperativistas de todo el pa\u00eds.&nbsp; En la noche del viernes se realiz\u00f3 un Cine Foro en el que se proyect\u00f3&nbsp;la pel\u00edcula \u201cThe Rochdale Pioneers\u201d para luego debatir y habilitar el intercambio sobre el filme. Esta actividad, en modalidad de cine a cielo abierto, cont\u00f3 adem\u00e1s con la participaci\u00f3n de vecinas y vecinos que se acercaron a conocer m\u00e1s sobre el movimiento cooperativo.&nbsp; En la jornada del [&#8230;]<\/p>\n","protected":false},"author":27,"featured_media":4279,"comment_status":"open","ping_status":"open","sticky":false,"template":"","format":"standard","meta":{"_acf_changed":false,"ngg_post_thumbnail":0,"footnotes":""},"categories":[7,6,1],"tags":[],"class_list":["post-4278","post","type-post","status-publish","format-standard","has-post-thumbnail","hentry","category-cooperativas","category-institucionales","category-noticias"],"acf":[],"_links":{"self":[{"href":"https:\/\/www.cudecoop.coop\/cudecoop\/wp-json\/wp\/v2\/posts\/4278","targetHints":{"allow":["GET"]}}],"collection":[{"href":"https:\/\/www.cudecoop.coop\/cudecoop\/wp-json\/wp\/v2\/posts"}],"about":[{"href":"https:\/\/www.cudecoop.coop\/cudecoop\/wp-json\/wp\/v2\/types\/post"}],"author":[{"embeddable":true,"href":"https:\/\/www.cudecoop.coop\/cudecoop\/wp-json\/wp\/v2\/users\/27"}],"replies":[{"embeddable":true,"href":"https:\/\/www.cudecoop.coop\/cudecoop\/wp-json\/wp\/v2\/comments?post=4278"}],"version-history":[{"count":3,"href":"https:\/\/www.cudecoop.coop\/cudecoop\/wp-json\/wp\/v2\/posts\/4278\/revisions"}],"predecessor-version":[{"id":4308,"href":"https:\/\/www.cudecoop.coop\/cudecoop\/wp-json\/wp\/v2\/posts\/4278\/revisions\/4308"}],"wp:featuredmedia":[{"embeddable":true,"href":"https:\/\/www.cudecoop.coop\/cudecoop\/wp-json\/wp\/v2\/media\/4279"}],"wp:attachment":[{"href":"https:\/\/www.cudecoop.coop\/cudecoop\/wp-json\/wp\/v2\/media?parent=4278"}],"wp:term":[{"taxonomy":"category","embeddable":true,"href":"https:\/\/www.cudecoop.coop\/cudecoop\/wp-json\/wp\/v2\/categories?post=4278"},{"taxonomy":"post_tag","embeddable":true,"href":"https:\/\/www.cudecoop.coop\/cudecoop\/wp-json\/wp\/v2\/tags?post=4278"}],"curies":[{"name":"wp","href":"https:\/\/api.w.org\/{rel}","templated":true}]}}