{"id":4275,"date":"2023-11-23T18:02:50","date_gmt":"2023-11-23T18:02:50","guid":{"rendered":"http:\/\/www.cudecoop.coop\/cudecoop\/?p=4275"},"modified":"2023-11-23T18:02:50","modified_gmt":"2023-11-23T18:02:50","slug":"se-renovo-el-programa-de-formacion-cooperativa-procoop","status":"publish","type":"post","link":"https:\/\/www.cudecoop.coop\/cudecoop\/se-renovo-el-programa-de-formacion-cooperativa-procoop\/","title":{"rendered":"Se renov\u00f3 el Programa de Formaci\u00f3n Cooperativa &#8211;\u00a0Procoop\u00a0"},"content":{"rendered":"<p>La firma, que permite la continuidad del Programa hasta julio del 2025, se realiz\u00f3 en la ma\u00f1ana del martes 21 de noviembre de 2023 entre Instituto Nacional de Empleo y Formaci\u00f3n Profesional (Inefop) y el Instituto Nacional del Cooperativismo (Inacoop) con la participaci\u00f3n de la Confederaci\u00f3n Uruguaya de Entidades Cooperativas (Cudecoop) como socia estrat\u00e9gica.<br \/>\nParticiparon Alicia Maneiro, presidenta de Cudecoop y Directora Social de Inefop; Mart\u00edn Fern\u00e1ndez, presidente de INACOOP y Pablo Darscht, director general del Inefop.<br \/>\nEste convenio permite que las cooperativas puedan recibir formaci\u00f3n y capacitaci\u00f3n para continuar trabajando, su renovaci\u00f3n da cuenta del uso que han dado cooperativistas que trabajan motivados para mejorar sus procesos.<\/p>\n","protected":false},"excerpt":{"rendered":"<p>La firma, que permite la continuidad del Programa hasta julio del 2025, se realiz\u00f3 en la ma\u00f1ana del martes 21 de noviembre de 2023 entre Instituto Nacional de Empleo y Formaci\u00f3n Profesional (Inefop) y el Instituto Nacional del Cooperativismo (Inacoop) con la participaci\u00f3n de la Confederaci\u00f3n Uruguaya de Entidades Cooperativas (Cudecoop) como socia estrat\u00e9gica.<br \/> Participaron Alicia Maneiro, presidenta de Cudecoop y Directora Social de Inefop; Mart\u00edn Fern\u00e1ndez, presidente de INACOOP y Pablo Darscht, director general del Inefop.<br \/> Este convenio permite que las cooperativas puedan recibir formaci\u00f3n y capacitaci\u00f3n para continuar trabajando, su renovaci\u00f3n da cuenta del uso que [&#8230;]<\/p>\n","protected":false},"author":27,"featured_media":4276,"comment_status":"open","ping_status":"open","sticky":false,"template":"","format":"standard","meta":{"_acf_changed":false,"ngg_post_thumbnail":0,"footnotes":""},"categories":[7,6,1],"tags":[],"class_list":["post-4275","post","type-post","status-publish","format-standard","has-post-thumbnail","hentry","category-cooperativas","category-institucionales","category-noticias"],"acf":[],"_links":{"self":[{"href":"https:\/\/www.cudecoop.coop\/cudecoop\/wp-json\/wp\/v2\/posts\/4275","targetHints":{"allow":["GET"]}}],"collection":[{"href":"https:\/\/www.cudecoop.coop\/cudecoop\/wp-json\/wp\/v2\/posts"}],"about":[{"href":"https:\/\/www.cudecoop.coop\/cudecoop\/wp-json\/wp\/v2\/types\/post"}],"author":[{"embeddable":true,"href":"https:\/\/www.cudecoop.coop\/cudecoop\/wp-json\/wp\/v2\/users\/27"}],"replies":[{"embeddable":true,"href":"https:\/\/www.cudecoop.coop\/cudecoop\/wp-json\/wp\/v2\/comments?post=4275"}],"version-history":[{"count":1,"href":"https:\/\/www.cudecoop.coop\/cudecoop\/wp-json\/wp\/v2\/posts\/4275\/revisions"}],"predecessor-version":[{"id":4277,"href":"https:\/\/www.cudecoop.coop\/cudecoop\/wp-json\/wp\/v2\/posts\/4275\/revisions\/4277"}],"wp:featuredmedia":[{"embeddable":true,"href":"https:\/\/www.cudecoop.coop\/cudecoop\/wp-json\/wp\/v2\/media\/4276"}],"wp:attachment":[{"href":"https:\/\/www.cudecoop.coop\/cudecoop\/wp-json\/wp\/v2\/media?parent=4275"}],"wp:term":[{"taxonomy":"category","embeddable":true,"href":"https:\/\/www.cudecoop.coop\/cudecoop\/wp-json\/wp\/v2\/categories?post=4275"},{"taxonomy":"post_tag","embeddable":true,"href":"https:\/\/www.cudecoop.coop\/cudecoop\/wp-json\/wp\/v2\/tags?post=4275"}],"curies":[{"name":"wp","href":"https:\/\/api.w.org\/{rel}","templated":true}]}}