{"id":4250,"date":"2023-10-26T19:33:48","date_gmt":"2023-10-26T19:33:48","guid":{"rendered":"http:\/\/www.cudecoop.coop\/cudecoop\/?p=4250"},"modified":"2023-11-14T15:27:35","modified_gmt":"2023-11-14T15:27:35","slug":"encuentro-nacional-de-genero-y-cooperativismo","status":"publish","type":"post","link":"https:\/\/www.cudecoop.coop\/cudecoop\/encuentro-nacional-de-genero-y-cooperativismo\/","title":{"rendered":"Encuentro Nacional de G\u00e9nero y Cooperativismo"},"content":{"rendered":"<p><strong>Invitamos a cooperativistas de todo el territorio nacional a participar del Encuentro Nacional de G\u00e9nero y Cooperativismo a realizarse los d\u00edas 17 y 18 de noviembre en Lago Mer\u00edn, R\u00edo Branco, en el marco de Melo &#8211; Capital Nacional del Cooperativismo 2023.<\/strong><\/p>\n<p>Nos encontramos en dos jornadas de actividades y reflexi\u00f3n, all\u00ed trabajaremos&nbsp;con el objetivo de ahondar en ejes tem\u00e1ticos que ser\u00e1n el centro de construcci\u00f3n e intercambio colectivo.&nbsp;<\/p>\n<p><strong>Viernes 17 de noviembre<\/strong>: desde las 19:00 hs. Cine Foro. Convocamos a compartir la proyecci\u00f3n de la pel\u00edcula &#8220;The Rochdale Pioneers&#8221; para luego debatir y habilitar el intercambio sobre el filme.&nbsp;<\/p>\n<p><strong>S\u00e1bado 18 de noviembre<\/strong>: desde las 8:00 hs. comienzan las actividades de los ejes espec\u00edficos de este encuentro&nbsp;<\/p>\n<ul>\n<li>Liderazgo, participaci\u00f3n en espacios de decisi\u00f3n de las cooperativas e incorporaci\u00f3n de la perspectiva de g\u00e9nero en la normativa cooperativa.&nbsp;<\/li>\n<li>Intercambio en torno al D\u00eda Internacional contra la no violencia hacia las mujeres (25N) y diferentes expresiones en el cooperativismo. Taller &#8220;Habitar nuestras cooperativas: hablemos de violencia est\u00e9tica y diversidad corporal&#8221;.&nbsp;<\/li>\n<\/ul>\n<p><a href=\"http:\/\/www.cudecoop.coop\/cudecoop\/wp-content\/uploads\/2023\/10\/Ver-Programa.pdf\">Ver Programa<\/a><\/p>\n<p>Esta actividad cuenta con el apoyo del Proyecto &#8220;Liderazgo cooperativo con perspectiva de g\u00e9nero&#8221; organizado por FCPU y CUDECOOP, financiado por INEFOP.<\/p>\n<p>Por consultas comunicarse v\u00eda correo electr\u00f3nico a cudecoopadc@gmail.com&nbsp;<\/p>\n","protected":false},"excerpt":{"rendered":"<p>Invitamos a cooperativistas de todo el territorio nacional a participar del Encuentro Nacional de G\u00e9nero y Cooperativismo a realizarse los d\u00edas 17 y 18 de noviembre en Lago Mer\u00edn, R\u00edo Branco, en el marco de Melo &#8211; Capital Nacional del Cooperativismo 2023. Nos encontramos en dos jornadas de actividades y reflexi\u00f3n, all\u00ed trabajaremos&nbsp;con el objetivo de ahondar en ejes tem\u00e1ticos que ser\u00e1n el centro de construcci\u00f3n e intercambio colectivo.&nbsp; Viernes 17 de noviembre: desde las 19:00 hs. Cine Foro. Convocamos a compartir la proyecci\u00f3n de la pel\u00edcula &#8220;The Rochdale Pioneers&#8221; para luego debatir y habilitar el intercambio sobre el filme.&nbsp; [&#8230;]<\/p>\n","protected":false},"author":27,"featured_media":4251,"comment_status":"open","ping_status":"open","sticky":false,"template":"","format":"standard","meta":{"_acf_changed":false,"ngg_post_thumbnail":0,"footnotes":""},"categories":[7,6,1],"tags":[],"class_list":["post-4250","post","type-post","status-publish","format-standard","has-post-thumbnail","hentry","category-cooperativas","category-institucionales","category-noticias"],"acf":[],"_links":{"self":[{"href":"https:\/\/www.cudecoop.coop\/cudecoop\/wp-json\/wp\/v2\/posts\/4250","targetHints":{"allow":["GET"]}}],"collection":[{"href":"https:\/\/www.cudecoop.coop\/cudecoop\/wp-json\/wp\/v2\/posts"}],"about":[{"href":"https:\/\/www.cudecoop.coop\/cudecoop\/wp-json\/wp\/v2\/types\/post"}],"author":[{"embeddable":true,"href":"https:\/\/www.cudecoop.coop\/cudecoop\/wp-json\/wp\/v2\/users\/27"}],"replies":[{"embeddable":true,"href":"https:\/\/www.cudecoop.coop\/cudecoop\/wp-json\/wp\/v2\/comments?post=4250"}],"version-history":[{"count":7,"href":"https:\/\/www.cudecoop.coop\/cudecoop\/wp-json\/wp\/v2\/posts\/4250\/revisions"}],"predecessor-version":[{"id":4262,"href":"https:\/\/www.cudecoop.coop\/cudecoop\/wp-json\/wp\/v2\/posts\/4250\/revisions\/4262"}],"wp:featuredmedia":[{"embeddable":true,"href":"https:\/\/www.cudecoop.coop\/cudecoop\/wp-json\/wp\/v2\/media\/4251"}],"wp:attachment":[{"href":"https:\/\/www.cudecoop.coop\/cudecoop\/wp-json\/wp\/v2\/media?parent=4250"}],"wp:term":[{"taxonomy":"category","embeddable":true,"href":"https:\/\/www.cudecoop.coop\/cudecoop\/wp-json\/wp\/v2\/categories?post=4250"},{"taxonomy":"post_tag","embeddable":true,"href":"https:\/\/www.cudecoop.coop\/cudecoop\/wp-json\/wp\/v2\/tags?post=4250"}],"curies":[{"name":"wp","href":"https:\/\/api.w.org\/{rel}","templated":true}]}}