{"id":4244,"date":"2023-10-23T18:05:16","date_gmt":"2023-10-23T18:05:16","guid":{"rendered":"http:\/\/www.cudecoop.coop\/cudecoop\/?p=4244"},"modified":"2023-10-23T18:05:16","modified_gmt":"2023-10-23T18:05:16","slug":"mas-de-50-cooperativistas-se-formaron-en-liderazgo-y-negociacion-politica","status":"publish","type":"post","link":"https:\/\/www.cudecoop.coop\/cudecoop\/mas-de-50-cooperativistas-se-formaron-en-liderazgo-y-negociacion-politica\/","title":{"rendered":"M\u00e1s de 50 cooperativistas se formaron en Liderazgo y negociaci\u00f3n pol\u00edtica"},"content":{"rendered":"<p>Durante setiembre se realiz\u00f3 el curso virtual &#8220;Liderazgo y negociaci\u00f3n pol\u00edtica&#8221; en el marco del ciclo de formaci\u00f3n &#8220;Liderazgo cooperativo por perspectiva de G\u00e9nero&#8221;, a cargo de FCPU y Cudecoop, con financiamiento de Inefop.&nbsp;<\/p>\n<p>Las instancias, moderadas por Silvana Avondet (Coordinadora del \u00c1rea de Desarrollo Cooperativo de Cudecoop), contaron con la participaci\u00f3n de m\u00e1s de 50 cooperativistas de todo el territorio nacional y la exposici\u00f3n de especialistas invitadas que aportaron desde sus vivencias en el \u00e1mbito laboral y colectivo.&nbsp; Fueron ocho encuentros virtuales que tuvieron como objetivo intercambiar sobre el liderazgo y la negociaci\u00f3n para la incorporaci\u00f3n de herramientas para influir y liderar con perspectiva de g\u00e9nero dentro de las cooperativas.&nbsp;<\/p>\n<p>Participaron del intercambio de experiencias en diferentes \u00e1mbitos y narrativas: Alicia Maneirod, presidenta de Cudecoop; Graciela Fern\u00e1ndez, presidenta de Cooperativas de las Am\u00e9ricas; Margarita Percovich, pol\u00edtica uruguaya; Andrea Tuana, directora de la Organizaci\u00f3n Civil El Paso; representantes del Comit\u00e9 de G\u00e9nero de la Alianza Cooperativa Internacional, CREG; de Cooperativas de las Am\u00e9ricas; y de Fecootra Argentina.&nbsp;<\/p>\n<p>Con una participaci\u00f3n muy activa y con resultados fruct\u00edferos, se trabajaron contenidos que abarcaron tem\u00e1ticas referidas a la importancia del liderazgo: sus obst\u00e1culos y caracter\u00edsticas dentro del cooperativismo , brechas de g\u00e9nero, estrategias y t\u00e9cnicas de negociaci\u00f3n, manejo de conflictos, violencias en el ejercicio del liderazgo y gesti\u00f3n de las pol\u00edticas p\u00fablicas; entre otras.&nbsp;<\/p>\n<p>Estos encuentros generaron el compromiso de mujeres y hombres&nbsp; de trasladar nuevos conceptos, visiones y conocimientos a sus cooperativas.&nbsp;<\/p>\n<p>&nbsp;<\/p>\n","protected":false},"excerpt":{"rendered":"<p>Durante setiembre se realiz\u00f3 el curso virtual &#8220;Liderazgo y negociaci\u00f3n pol\u00edtica&#8221; en el marco del ciclo de formaci\u00f3n &#8220;Liderazgo cooperativo por perspectiva de G\u00e9nero&#8221;, a cargo de FCPU y Cudecoop, con financiamiento de Inefop.&nbsp; Las instancias, moderadas por Silvana Avondet (Coordinadora del \u00c1rea de Desarrollo Cooperativo de Cudecoop), contaron con la participaci\u00f3n de m\u00e1s de 50 cooperativistas de todo el territorio nacional y la exposici\u00f3n de especialistas invitadas que aportaron desde sus vivencias en el \u00e1mbito laboral y colectivo.&nbsp; Fueron ocho encuentros virtuales que tuvieron como objetivo intercambiar sobre el liderazgo y la negociaci\u00f3n para la incorporaci\u00f3n de herramientas para [&#8230;]<\/p>\n","protected":false},"author":27,"featured_media":4245,"comment_status":"open","ping_status":"open","sticky":false,"template":"","format":"standard","meta":{"_acf_changed":false,"ngg_post_thumbnail":0,"footnotes":""},"categories":[7,6,1],"tags":[],"class_list":["post-4244","post","type-post","status-publish","format-standard","has-post-thumbnail","hentry","category-cooperativas","category-institucionales","category-noticias"],"acf":[],"_links":{"self":[{"href":"https:\/\/www.cudecoop.coop\/cudecoop\/wp-json\/wp\/v2\/posts\/4244","targetHints":{"allow":["GET"]}}],"collection":[{"href":"https:\/\/www.cudecoop.coop\/cudecoop\/wp-json\/wp\/v2\/posts"}],"about":[{"href":"https:\/\/www.cudecoop.coop\/cudecoop\/wp-json\/wp\/v2\/types\/post"}],"author":[{"embeddable":true,"href":"https:\/\/www.cudecoop.coop\/cudecoop\/wp-json\/wp\/v2\/users\/27"}],"replies":[{"embeddable":true,"href":"https:\/\/www.cudecoop.coop\/cudecoop\/wp-json\/wp\/v2\/comments?post=4244"}],"version-history":[{"count":3,"href":"https:\/\/www.cudecoop.coop\/cudecoop\/wp-json\/wp\/v2\/posts\/4244\/revisions"}],"predecessor-version":[{"id":4249,"href":"https:\/\/www.cudecoop.coop\/cudecoop\/wp-json\/wp\/v2\/posts\/4244\/revisions\/4249"}],"wp:featuredmedia":[{"embeddable":true,"href":"https:\/\/www.cudecoop.coop\/cudecoop\/wp-json\/wp\/v2\/media\/4245"}],"wp:attachment":[{"href":"https:\/\/www.cudecoop.coop\/cudecoop\/wp-json\/wp\/v2\/media?parent=4244"}],"wp:term":[{"taxonomy":"category","embeddable":true,"href":"https:\/\/www.cudecoop.coop\/cudecoop\/wp-json\/wp\/v2\/categories?post=4244"},{"taxonomy":"post_tag","embeddable":true,"href":"https:\/\/www.cudecoop.coop\/cudecoop\/wp-json\/wp\/v2\/tags?post=4244"}],"curies":[{"name":"wp","href":"https:\/\/api.w.org\/{rel}","templated":true}]}}