{"id":4239,"date":"2023-10-12T19:53:38","date_gmt":"2023-10-12T19:53:38","guid":{"rendered":"http:\/\/www.cudecoop.coop\/cudecoop\/?p=4239"},"modified":"2023-10-12T21:24:04","modified_gmt":"2023-10-12T21:24:04","slug":"participamos-del-conversatorio-cooperativismo-y-democracia","status":"publish","type":"post","link":"https:\/\/www.cudecoop.coop\/cudecoop\/participamos-del-conversatorio-cooperativismo-y-democracia\/","title":{"rendered":"Participamos del Conversatorio &#8220;Cooperativismo y Democracia&#8221;"},"content":{"rendered":"<p>La Junta Departamental de Montevideo, en el marco del 2023 &#8220;A\u00f1o de la Democracia. Nunca M\u00e1s Terrorismo de Estado&#8221; nos invit\u00f3 a participar junto con la Federaci\u00f3n Uruguaya de Cooperativas de Vivienda por Ayuda Mutua (FUCVAM) de un espacio en el que se reconoci\u00f3 al cooperativismo como aliado en la democracia.<br \/>\nDe la mesa de oradores del conversatorio participaron el Edil Nicol\u00e1s Lasa, presidente de la Junta Departamental de Montevideo; el Edil Mart\u00edn Nessi, presidente de la Comisi\u00f3n de Derechos Humanos y Desarrollo Social; Alicia Maneiro, presidenta de Cudecoop y Gustavo Gonz\u00e1lez, secretario general de FUCVAM.<\/p>\n<p>Alicia Maneiro, en su discurso, resalt\u00f3 que las cooperativas tienen en su centro de accionar la defensa de los valores democr\u00e1ticos y por ello el compromiso que las mismas tienen con la democracia &#8220;Aqu\u00ed hay historia, hay lucha y hay sociedad civil organizada que cree que una sociedad diferente es posible y cree en lo colectivo.<br \/>\nTenemos que seguir construyendo, tenemos que seguir en el camino en el que estamos y tenemos que lograr m\u00e1s compromiso de pol\u00edticas p\u00fablicas que fomenten el cooperativismo (&#8230;) Creo que la importancia de las pol\u00edticas p\u00fablicas para el fomento y el fortalecimiento del sistema cooperativo es fundamental: en nosotros est\u00e1 la herramienta para cambiar esta sociedad metida en el &#8220;yo, yo, yo&#8221; y justamente con eso nosotros empujamos en un sentido diferente (&#8230;) No tengo dudas del compromiso del movimiento cooperativo en cuanto al respeto por la ley, por el orden y por la democracia&#8221;&nbsp;destac\u00f3.<\/p>\n<p>&nbsp;<\/p>\n<p>Ver el registro de la transmisi\u00f3n en vivo <a href=\"https:\/\/www.instagram.com\/p\/CyPEt_upKSM\/\">aqu\u00ed<\/a><\/p>\n","protected":false},"excerpt":{"rendered":"<p>La Junta Departamental de Montevideo, en el marco del 2023 &#8220;A\u00f1o de la Democracia. Nunca M\u00e1s Terrorismo de Estado&#8221; nos invit\u00f3 a participar junto con la Federaci\u00f3n Uruguaya de Cooperativas de Vivienda por Ayuda Mutua (FUCVAM) de un espacio en el que se reconoci\u00f3 al cooperativismo como aliado en la democracia.<br \/> De la mesa de oradores del conversatorio participaron el Edil Nicol\u00e1s Lasa, presidente de la Junta Departamental de Montevideo; el Edil Mart\u00edn Nessi, presidente de la Comisi\u00f3n de Derechos Humanos y Desarrollo Social; Alicia Maneiro, presidenta de Cudecoop y Gustavo Gonz\u00e1lez, secretario general de FUCVAM. Alicia Maneiro, en [&#8230;]<\/p>\n","protected":false},"author":27,"featured_media":4240,"comment_status":"open","ping_status":"open","sticky":false,"template":"","format":"standard","meta":{"_acf_changed":false,"ngg_post_thumbnail":0,"footnotes":""},"categories":[7,6,1],"tags":[],"class_list":["post-4239","post","type-post","status-publish","format-standard","has-post-thumbnail","hentry","category-cooperativas","category-institucionales","category-noticias"],"acf":[],"_links":{"self":[{"href":"https:\/\/www.cudecoop.coop\/cudecoop\/wp-json\/wp\/v2\/posts\/4239","targetHints":{"allow":["GET"]}}],"collection":[{"href":"https:\/\/www.cudecoop.coop\/cudecoop\/wp-json\/wp\/v2\/posts"}],"about":[{"href":"https:\/\/www.cudecoop.coop\/cudecoop\/wp-json\/wp\/v2\/types\/post"}],"author":[{"embeddable":true,"href":"https:\/\/www.cudecoop.coop\/cudecoop\/wp-json\/wp\/v2\/users\/27"}],"replies":[{"embeddable":true,"href":"https:\/\/www.cudecoop.coop\/cudecoop\/wp-json\/wp\/v2\/comments?post=4239"}],"version-history":[{"count":2,"href":"https:\/\/www.cudecoop.coop\/cudecoop\/wp-json\/wp\/v2\/posts\/4239\/revisions"}],"predecessor-version":[{"id":4242,"href":"https:\/\/www.cudecoop.coop\/cudecoop\/wp-json\/wp\/v2\/posts\/4239\/revisions\/4242"}],"wp:featuredmedia":[{"embeddable":true,"href":"https:\/\/www.cudecoop.coop\/cudecoop\/wp-json\/wp\/v2\/media\/4240"}],"wp:attachment":[{"href":"https:\/\/www.cudecoop.coop\/cudecoop\/wp-json\/wp\/v2\/media?parent=4239"}],"wp:term":[{"taxonomy":"category","embeddable":true,"href":"https:\/\/www.cudecoop.coop\/cudecoop\/wp-json\/wp\/v2\/categories?post=4239"},{"taxonomy":"post_tag","embeddable":true,"href":"https:\/\/www.cudecoop.coop\/cudecoop\/wp-json\/wp\/v2\/tags?post=4239"}],"curies":[{"name":"wp","href":"https:\/\/api.w.org\/{rel}","templated":true}]}}