{"id":4232,"date":"2023-09-28T16:51:38","date_gmt":"2023-09-28T16:51:38","guid":{"rendered":"http:\/\/www.cudecoop.coop\/cudecoop\/?p=4232"},"modified":"2023-09-28T17:46:16","modified_gmt":"2023-09-28T17:46:16","slug":"ariel-guarco-autoridad-maxima-del-cooperativismo-mundial-en-uruguay","status":"publish","type":"post","link":"https:\/\/www.cudecoop.coop\/cudecoop\/ariel-guarco-autoridad-maxima-del-cooperativismo-mundial-en-uruguay\/","title":{"rendered":"Ariel Guarco, autoridad m\u00e1xima del cooperativismo mundial en Uruguay"},"content":{"rendered":"<p>La Confederaci\u00f3n Uruguaya de Cooperativas recibi\u00f3 al Presidente de la Alianza Cooperativa Internacional, Ariel Guarco.<\/p>\n<p>Durante una jornada llena de intercambios con las diversas autoridades del cooperativismo nacional, entre ellas el Ejecutivo de Cudecoop, delegados al Inacoop por Cudecoop y por el Poder Ejecutivo, y Consejeros y presidentes de las federaciones socias, inclu\u00edda la presencia de la Dra. Graciela Fern\u00e1ndez, presidenta de Cooperativas de las Am\u00e9ricas, se llev\u00f3 adelante el encuentro con el m\u00e1ximo mandatario del cooperativismo internacional, Dr. Ariel Guarco.&nbsp;<\/p>\n<p>Para la elaboraci\u00f3n de esta nota, contamos con las palabras de la Dra. Graciela Fern\u00e1ndez sobre el alcance de esta visita.&nbsp;<\/p>\n<p>&#8220;Se trat\u00f3 de una gran oportunidad para que dirigentes gremiales del cooperativismo nacional recibieran de primera mano la informaci\u00f3n de la actualidad cooperativa mundial.&nbsp;<\/p>\n<p>Ariel Guarco, como parte de su actual gesti\u00f3n en la Presidencia de ACI lleva recorrido m\u00e1s de 70 pa\u00edses (icacoop.coop) y esta oportunidad permiti\u00f3 la actualizaci\u00f3n de situaci\u00f3n del cooperativismo a nivel mundial y sobre las pol\u00edticas de la Alianza para los pr\u00f3ximos a\u00f1os.&#8221; Se destac\u00f3 el monitoreo de la contribuci\u00f3n cooperativa a los Objetivos del Desarrollo Sostenible de las Naciones Unidas y las \u00e1reas que requieren de mayores esfuerzos e incidencia. En particular se subray\u00f3 el reconocimiento que recibi\u00f3 el cooperativismo con la Resoluci\u00f3n de la ONU en junio de este a\u00f1o, que propone al cooperativismo como una herramienta fundamental para avanzar con los ODS, en donde se insta a los gobiernos a aplicar pol\u00edticas que estimulen el desarrollo del sector cooperativo en sus pa\u00edses. Esto es resultado del gran trabajo de incidencia que ha logrado el movimiento cooperativo a nivel internacional y los ejemplos de buenas pr\u00e1cticas en la pandemia y post pandemia.<\/p>\n<p>El intercambio vers\u00f3 sobre las diferentes realidades que viven las diferentes clases cooperativas en el Uruguay, los distintos proyectos estrat\u00e9gicos a nivel nacional, y los posibles aprendizajes y alianzas a desarrollar con cooperativas de la regi\u00f3n y el mundo. Tambi\u00e9n se plantearon diversas ideas para lograr un avance mayor en los distintos territorios y\/o sectores donde no hemos desarrollado ni cooperativas ni la pol\u00edtica p\u00fablica cooperativa.&nbsp;<\/p>\n<p>Finalmente Ariel destac\u00f3 la fuerza y potencia que tiene el cooperativismo uruguayo para continuar respondiendo a las necesidades de Uruguay y referencia en muchos modelos cooperativos para el mundo.<\/p>\n","protected":false},"excerpt":{"rendered":"<p>La Confederaci\u00f3n Uruguaya de Cooperativas recibi\u00f3 al Presidente de la Alianza Cooperativa Internacional, Ariel Guarco. Durante una jornada llena de intercambios con las diversas autoridades del cooperativismo nacional, entre ellas el Ejecutivo de Cudecoop, delegados al Inacoop por Cudecoop y por el Poder Ejecutivo, y Consejeros y presidentes de las federaciones socias, inclu\u00edda la presencia de la Dra. Graciela Fern\u00e1ndez, presidenta de Cooperativas de las Am\u00e9ricas, se llev\u00f3 adelante el encuentro con el m\u00e1ximo mandatario del cooperativismo internacional, Dr. Ariel Guarco.&nbsp; Para la elaboraci\u00f3n de esta nota, contamos con las palabras de la Dra. Graciela Fern\u00e1ndez sobre el alcance de [&#8230;]<\/p>\n","protected":false},"author":27,"featured_media":4233,"comment_status":"open","ping_status":"open","sticky":false,"template":"","format":"standard","meta":{"_acf_changed":false,"ngg_post_thumbnail":0,"footnotes":""},"categories":[7,6,1],"tags":[],"class_list":["post-4232","post","type-post","status-publish","format-standard","has-post-thumbnail","hentry","category-cooperativas","category-institucionales","category-noticias"],"acf":[],"_links":{"self":[{"href":"https:\/\/www.cudecoop.coop\/cudecoop\/wp-json\/wp\/v2\/posts\/4232","targetHints":{"allow":["GET"]}}],"collection":[{"href":"https:\/\/www.cudecoop.coop\/cudecoop\/wp-json\/wp\/v2\/posts"}],"about":[{"href":"https:\/\/www.cudecoop.coop\/cudecoop\/wp-json\/wp\/v2\/types\/post"}],"author":[{"embeddable":true,"href":"https:\/\/www.cudecoop.coop\/cudecoop\/wp-json\/wp\/v2\/users\/27"}],"replies":[{"embeddable":true,"href":"https:\/\/www.cudecoop.coop\/cudecoop\/wp-json\/wp\/v2\/comments?post=4232"}],"version-history":[{"count":4,"href":"https:\/\/www.cudecoop.coop\/cudecoop\/wp-json\/wp\/v2\/posts\/4232\/revisions"}],"predecessor-version":[{"id":4237,"href":"https:\/\/www.cudecoop.coop\/cudecoop\/wp-json\/wp\/v2\/posts\/4232\/revisions\/4237"}],"wp:featuredmedia":[{"embeddable":true,"href":"https:\/\/www.cudecoop.coop\/cudecoop\/wp-json\/wp\/v2\/media\/4233"}],"wp:attachment":[{"href":"https:\/\/www.cudecoop.coop\/cudecoop\/wp-json\/wp\/v2\/media?parent=4232"}],"wp:term":[{"taxonomy":"category","embeddable":true,"href":"https:\/\/www.cudecoop.coop\/cudecoop\/wp-json\/wp\/v2\/categories?post=4232"},{"taxonomy":"post_tag","embeddable":true,"href":"https:\/\/www.cudecoop.coop\/cudecoop\/wp-json\/wp\/v2\/tags?post=4232"}],"curies":[{"name":"wp","href":"https:\/\/api.w.org\/{rel}","templated":true}]}}