{"id":4221,"date":"2023-09-25T18:23:45","date_gmt":"2023-09-25T18:23:45","guid":{"rendered":"http:\/\/www.cudecoop.coop\/cudecoop\/?p=4221"},"modified":"2023-09-25T18:23:45","modified_gmt":"2023-09-25T18:23:45","slug":"cohousing-cooperativo-axuntase-de-oviedo-espana-y-carpe-diem-uruguay","status":"publish","type":"post","link":"https:\/\/www.cudecoop.coop\/cudecoop\/cohousing-cooperativo-axuntase-de-oviedo-espana-y-carpe-diem-uruguay\/","title":{"rendered":"Cohousing cooperativo: Axuntase de Oviedo (Espa\u00f1a) y Carpe Diem (Uruguay)"},"content":{"rendered":"<p>En la ma\u00f1ana del martes 18 de setiembre, en la sede de Cudecoop, se realiz\u00f3 una reuni\u00f3n de visita e intercambio con integrantes&nbsp;del proyecto Cohousing Axuntase de Oviedo, Espa\u00f1a y representantes de la cooperativa local Cohabitar Carpe Diem (proyecto egresado de Incubacoop).<\/p>\n<p>Por el Comit\u00e9 Ejecutivo de la Confederaci\u00f3n participaron Alicia Maneiro, presidenta y Mar\u00eda de los \u00c1ngeles Dati, vicepresidenta 2da, tambi\u00e9n acompa\u00f1\u00f3 Gabriel Isola, coordinador general.&nbsp;<\/p>\n<p>Al inicio de la actividad, se present\u00f3 informaci\u00f3n sobre el cooperativismo uruguayo, historia de la Confederaci\u00f3n y sus socias, Ley General Cooperativa y actores que hacen al movimiento cooperativo hoy.&nbsp; Tambi\u00e9n se dio el intercambio sobre distintas experiencias cooperativas de todo el territorio nacional.&nbsp;<\/p>\n<p>Durante la reuni\u00f3n se atendieron consultas espec\u00edficas sobre el modelo cooperativo uruguayo, su funcionamiento y su extensi\u00f3n en los distintos sectores. Ambos grupos expusieron sus experiencias: vivienda compartida y colectiva,&nbsp; cohousing y cuidados.<\/p>\n<p>La experiencia Axuntase de Oviedo plantea trabajar en el cuidado intergeneracional desde el entendimiento del cuidado solidario: atender infancias y personas con discapacidad, tercera edad, asistir a las familias monoparentales y otras formas de vivir en comunicad. Propone distintos tipos de vivienda con diferentes estructuras para ser habitadas por las familias y rotar entre espacios de dos dormitorios y pisos m\u00e1s peque\u00f1os para habitar solas o solos: todas las cuotas valen lo mismo, apuntan a un modelo circular conforme a la necesidad de cada usuario.&nbsp;<\/p>\n<p>Carpe Diem, cooperativa egresada de Incubacoop,&nbsp; trabaja en una experiencia&nbsp;alternativa para vivir en comunidad y armon\u00eda con la naturaleza. Se presenta como una organizaci\u00f3n de personas \u201cunidas por relaciones de amistad, emprendedores, con ganas de conducir la madurez juntos en un entorno colectivo, creativo y amigable con el ambiente\u201d. Proponen un proyecto de cohousing &#8220;senior&#8221; que busca promover una estad\u00eda acompa\u00f1ada.&nbsp;&nbsp;<\/p>\n<p>Ambos proyectos culminaron intercambiando sobre sus principales ideas y preocupaciones, cuidado del medioambiente, base de humanidad y trabajo a futuro.<\/p>\n","protected":false},"excerpt":{"rendered":"<p>En la ma\u00f1ana del martes 18 de setiembre, en la sede de Cudecoop, se realiz\u00f3 una reuni\u00f3n de visita e intercambio con integrantes&nbsp;del proyecto Cohousing Axuntase de Oviedo, Espa\u00f1a y representantes de la cooperativa local Cohabitar Carpe Diem (proyecto egresado de Incubacoop). Por el Comit\u00e9 Ejecutivo de la Confederaci\u00f3n participaron Alicia Maneiro, presidenta y Mar\u00eda de los \u00c1ngeles Dati, vicepresidenta 2da, tambi\u00e9n acompa\u00f1\u00f3 Gabriel Isola, coordinador general.&nbsp; Al inicio de la actividad, se present\u00f3 informaci\u00f3n sobre el cooperativismo uruguayo, historia de la Confederaci\u00f3n y sus socias, Ley General Cooperativa y actores que hacen al movimiento cooperativo hoy.&nbsp; Tambi\u00e9n se dio [&#8230;]<\/p>\n","protected":false},"author":27,"featured_media":4222,"comment_status":"open","ping_status":"open","sticky":false,"template":"","format":"standard","meta":{"_acf_changed":false,"ngg_post_thumbnail":0,"footnotes":""},"categories":[7,6,1],"tags":[],"class_list":["post-4221","post","type-post","status-publish","format-standard","has-post-thumbnail","hentry","category-cooperativas","category-institucionales","category-noticias"],"acf":[],"_links":{"self":[{"href":"https:\/\/www.cudecoop.coop\/cudecoop\/wp-json\/wp\/v2\/posts\/4221","targetHints":{"allow":["GET"]}}],"collection":[{"href":"https:\/\/www.cudecoop.coop\/cudecoop\/wp-json\/wp\/v2\/posts"}],"about":[{"href":"https:\/\/www.cudecoop.coop\/cudecoop\/wp-json\/wp\/v2\/types\/post"}],"author":[{"embeddable":true,"href":"https:\/\/www.cudecoop.coop\/cudecoop\/wp-json\/wp\/v2\/users\/27"}],"replies":[{"embeddable":true,"href":"https:\/\/www.cudecoop.coop\/cudecoop\/wp-json\/wp\/v2\/comments?post=4221"}],"version-history":[{"count":3,"href":"https:\/\/www.cudecoop.coop\/cudecoop\/wp-json\/wp\/v2\/posts\/4221\/revisions"}],"predecessor-version":[{"id":4226,"href":"https:\/\/www.cudecoop.coop\/cudecoop\/wp-json\/wp\/v2\/posts\/4221\/revisions\/4226"}],"wp:featuredmedia":[{"embeddable":true,"href":"https:\/\/www.cudecoop.coop\/cudecoop\/wp-json\/wp\/v2\/media\/4222"}],"wp:attachment":[{"href":"https:\/\/www.cudecoop.coop\/cudecoop\/wp-json\/wp\/v2\/media?parent=4221"}],"wp:term":[{"taxonomy":"category","embeddable":true,"href":"https:\/\/www.cudecoop.coop\/cudecoop\/wp-json\/wp\/v2\/categories?post=4221"},{"taxonomy":"post_tag","embeddable":true,"href":"https:\/\/www.cudecoop.coop\/cudecoop\/wp-json\/wp\/v2\/tags?post=4221"}],"curies":[{"name":"wp","href":"https:\/\/api.w.org\/{rel}","templated":true}]}}