{"id":4217,"date":"2023-09-15T22:53:51","date_gmt":"2023-09-15T22:53:51","guid":{"rendered":"http:\/\/www.cudecoop.coop\/cudecoop\/?p=4217"},"modified":"2023-09-15T22:54:34","modified_gmt":"2023-09-15T22:54:34","slug":"se-realizo-la-ronda-de-incubacoop","status":"publish","type":"post","link":"https:\/\/www.cudecoop.coop\/cudecoop\/se-realizo-la-ronda-de-incubacoop\/","title":{"rendered":"Se realiz\u00f3 la Ronda de Incubacoop"},"content":{"rendered":"<p>10 emprendimientos cooperativos intercambiaron con diversas&nbsp; organizaciones para potenciar su trabajo y acciones de intercooperaci\u00f3n.&nbsp;<\/p>\n<p>La incubadora de cooperativas de base tecnol\u00f3gica, Incubacoop, impulsada por el Ministerio de Industria, Instituto Nacional del Cooperativismo y la Confederaci\u00f3n Uruguaya de Entidades Cooperativas,&nbsp; realiz\u00f3 en la jornada del jueves 14 de setiembre su ya cl\u00e1sica ronda de negocios.<\/p>\n<p>Luego de la ronda entre los grupos y las organizaciones, tanto del sector cooperativo como organizaciones p\u00fablico privadas, Incubacoop propuso un conversatorio sobre industrias culturales y creativas y cooperativas, del que participaron:<\/p>\n<div id=\"m#msg-f:1777145104169727581\" class=\"mail-message expanded\">\n<div class=\"mail-message-content collapsible zoom-normal mail-show-images \">\n<div class=\"clear\">\n<div class=\"gmail_quote\">\n<div dir=\"ltr\">\n<p dir=\"ltr\">Agustina Silombra y Cecilia Mu\u00f1oz Cancela de FACTIC (Argentina); Javier Dotta, Decano de la Facultad de la Cultura CLAEH; Javier Pastorino, Referente de Innovaci\u00f3n p\u00fablica e industrias creativas en ANNI. El espacio fue facilitado por Lucia Pardo de La Diaria.<\/p>\n<p dir=\"ltr\">El cierre de la jornada estuvo a cargo de:&nbsp;<\/p>\n<p dir=\"ltr\">Jos\u00e9 Trujillo, por el \u00c1rea de Promoci\u00f3n de Emprendimientos del MIEM; Juan Carlos Canessa, Secretario de CUDECOOP; y Andr\u00e9s Carrasco, Director de INACOOP.<\/p>\n<\/div>\n<\/div>\n<\/div>\n<\/div>\n<\/div>\n<p>Las cooperativas presentes en la ronda fueron:<\/p>\n<ul>\n<li dir=\"ltr\">\n<p dir=\"ltr\" role=\"presentation\">Carpe Diem<\/p>\n<\/li>\n<li dir=\"ltr\">\n<p dir=\"ltr\" role=\"presentation\">Cooptica<\/p>\n<\/li>\n<li dir=\"ltr\">\n<p dir=\"ltr\" role=\"presentation\">Intergalatic<\/p>\n<\/li>\n<li dir=\"ltr\">\n<p dir=\"ltr\" role=\"presentation\">\u00c1nima gesti\u00f3n cultural<\/p>\n<\/li>\n<li dir=\"ltr\">\n<p dir=\"ltr\" role=\"presentation\">Ladrillo<\/p>\n<\/li>\n<li dir=\"ltr\">\n<p dir=\"ltr\" role=\"presentation\">End\u00e9mica conservaci\u00f3n<\/p>\n<\/li>\n<li dir=\"ltr\">\n<p dir=\"ltr\" role=\"presentation\">Energiccoop<\/p>\n<\/li>\n<li dir=\"ltr\">\n<p dir=\"ltr\" role=\"presentation\">El omb\u00fa<\/p>\n<\/li>\n<li dir=\"ltr\">\n<p dir=\"ltr\" role=\"presentation\">Subte<\/p>\n<\/li>\n<li dir=\"ltr\">\n<p dir=\"ltr\" role=\"presentation\">Ecosinergia<\/p>\n<\/li>\n<\/ul>\n<p>&nbsp;<\/p>\n","protected":false},"excerpt":{"rendered":"<p>10 emprendimientos cooperativos intercambiaron con diversas&nbsp; organizaciones para potenciar su trabajo y acciones de intercooperaci\u00f3n.&nbsp; La incubadora de cooperativas de base tecnol\u00f3gica, Incubacoop, impulsada por el Ministerio de Industria, Instituto Nacional del Cooperativismo y la Confederaci\u00f3n Uruguaya de Entidades Cooperativas,&nbsp; realiz\u00f3 en la jornada del jueves 14 de setiembre su ya cl\u00e1sica ronda de negocios. Luego de la ronda entre los grupos y las organizaciones, tanto del sector cooperativo como organizaciones p\u00fablico privadas, Incubacoop propuso un conversatorio sobre industrias culturales y creativas y cooperativas, del que participaron: Agustina Silombra y Cecilia Mu\u00f1oz Cancela de FACTIC (Argentina); Javier Dotta, Decano de [&#8230;]<\/p>\n","protected":false},"author":27,"featured_media":4218,"comment_status":"open","ping_status":"open","sticky":false,"template":"","format":"standard","meta":{"_acf_changed":false,"ngg_post_thumbnail":0,"footnotes":""},"categories":[7,6,1],"tags":[],"class_list":["post-4217","post","type-post","status-publish","format-standard","has-post-thumbnail","hentry","category-cooperativas","category-institucionales","category-noticias"],"acf":[],"_links":{"self":[{"href":"https:\/\/www.cudecoop.coop\/cudecoop\/wp-json\/wp\/v2\/posts\/4217","targetHints":{"allow":["GET"]}}],"collection":[{"href":"https:\/\/www.cudecoop.coop\/cudecoop\/wp-json\/wp\/v2\/posts"}],"about":[{"href":"https:\/\/www.cudecoop.coop\/cudecoop\/wp-json\/wp\/v2\/types\/post"}],"author":[{"embeddable":true,"href":"https:\/\/www.cudecoop.coop\/cudecoop\/wp-json\/wp\/v2\/users\/27"}],"replies":[{"embeddable":true,"href":"https:\/\/www.cudecoop.coop\/cudecoop\/wp-json\/wp\/v2\/comments?post=4217"}],"version-history":[{"count":2,"href":"https:\/\/www.cudecoop.coop\/cudecoop\/wp-json\/wp\/v2\/posts\/4217\/revisions"}],"predecessor-version":[{"id":4220,"href":"https:\/\/www.cudecoop.coop\/cudecoop\/wp-json\/wp\/v2\/posts\/4217\/revisions\/4220"}],"wp:featuredmedia":[{"embeddable":true,"href":"https:\/\/www.cudecoop.coop\/cudecoop\/wp-json\/wp\/v2\/media\/4218"}],"wp:attachment":[{"href":"https:\/\/www.cudecoop.coop\/cudecoop\/wp-json\/wp\/v2\/media?parent=4217"}],"wp:term":[{"taxonomy":"category","embeddable":true,"href":"https:\/\/www.cudecoop.coop\/cudecoop\/wp-json\/wp\/v2\/categories?post=4217"},{"taxonomy":"post_tag","embeddable":true,"href":"https:\/\/www.cudecoop.coop\/cudecoop\/wp-json\/wp\/v2\/tags?post=4217"}],"curies":[{"name":"wp","href":"https:\/\/api.w.org\/{rel}","templated":true}]}}