{"id":4199,"date":"2023-09-04T18:20:27","date_gmt":"2023-09-04T18:20:27","guid":{"rendered":"http:\/\/www.cudecoop.coop\/cudecoop\/?p=4199"},"modified":"2024-03-18T19:49:41","modified_gmt":"2024-03-18T19:49:41","slug":"se-realizo-el-6to-seminario-nacional-de-derecho-cooperativo","status":"publish","type":"post","link":"https:\/\/www.cudecoop.coop\/cudecoop\/se-realizo-el-6to-seminario-nacional-de-derecho-cooperativo\/","title":{"rendered":"Se realiz\u00f3 el 6to Seminario Nacional de Derecho Cooperativo"},"content":{"rendered":"<div>El mi\u00e9rcoles 30 de agosto se realiz\u00f3 el 6to Seminario Nacional de Derecho Cooperativo. Estuvieron presentes autoridades del movimiento cooperativo, referentes del derecho nacional y m\u00e1s de 150 personas, entre quienes participaron de forma presencial y virtual. El encuentro propici\u00f3 un espacio para reflexionar sobre la Ley General de Cooperativas, en su 15\u00b0 aniversario.&nbsp;<\/div>\n<div>&nbsp;<\/div>\n<div>De la mesa de apertura, participaron Alicia Maneiro, presidenta de Cudecoop; Marcelo Amor\u00edn, por la Facultad de Derecho; Dante Cracogna, presidente del Comit\u00e9 de Derecho de Cooperativas de las Am\u00e9ricas y Graciela Fern\u00e1ndez, presidenta de Cooperativas de las Am\u00e9ricas quien tambi\u00e9n expuso en la Conferencia Central sobre &#8220;El sistema normativo uruguayo y su desarrollo a 15 a\u00f1os de la Ley18.407&#8221;.<\/div>\n<div>&nbsp;<\/div>\n<div>Luego se desarroll\u00f3 la exposici\u00f3n &#8220;Negociaci\u00f3n colectiva en el sector cooperativo&#8221; que estuvo a cargo del Dr. Pablo Guerra, Dr. Jos\u00e9 Pablo Garc\u00eda, Luc\u00eda Maschi y el Dr. Gerardo Montes, representantes del Instituto Juan Pablo Terra.&nbsp;<\/div>\n<div>&nbsp;<\/div>\n<div>Durante la ronda de ponencias, presentaron distintos referentes con diferentes tem\u00e1ticas:<\/div>\n<div>&#8220;La incorporaci\u00f3n de la perspectiva de g\u00e9nero a la Ley General de Cooperativas&#8221; Dra. Dahi\u00e1n Techera y Esc. Silvana Avondet<\/div>\n<div>&#8220;La Ley de cotitularidad de partes sociales conmueve las bases del cooperativismo de viviendas de usuarios. Una propuesta constructiva&#8221; Dr. Enrique Malel<\/div>\n<div>&#8220;Cotitularidad, mirada desde la pr\u00e1ctica notarial&#8221; Esc. Carmen Taborda&nbsp;<\/div>\n<div>&#8220;El acto cooperativo en las cooperativas de vivienda \u00bfPor qu\u00e9 la exigencia de formalidades especiales?&#8221; Dr. Alejandro Domostoj<\/div>\n<div>&#8220;La aplicaci\u00f3n jurisprudencial del derecho cooperativo&#8221; Dr. Jos\u00e9 Pablo Garc\u00eda<\/div>\n<div>&#8220;Aspectos pr\u00e1cticos del impacto del Decreto N\u00b0208\/020 en las cooperativas: fiscalizaci\u00f3n &#8220;in situ&#8221; de asambleas virtuales por la Auditor\u00eda Interna de la Naci\u00f3n&#8221; Dra. Elisa Torbes<\/div>\n<div>&#8220;El uso de las nuevas tecnolog\u00edas de informaci\u00f3n y comunicaci\u00f3n para el funcionamiento de los \u00f3rganos de las cooperativas como una herramienta \u00fatil y perfectible&#8221; Dra. Ana Karina M\u00e1rquez<\/div>\n<div>&#8220;Una lectura de la Ley 18.407 en el marco de la resoluci\u00f3n de ONU sobre la promoci\u00f3n de la econom\u00eda social y solidaria para el desarrollo sostenible. Di\u00e1logos posibles.&#8221; Dr. Juan Pablo P\u00edo y Ec. Daniel Egger.&nbsp;<\/div>\n<div>&nbsp;<\/div>\n<div>La actividad, que cont\u00f3 con participaci\u00f3n virtual y presencial a sala llena, se realiz\u00f3 en la Sala de Conferencias del Edificio Mercosur.&nbsp;<\/div>\n<div>Si fuiste parte del Seminario, y a\u00fan no lo hiciste, te invitamos a completar una encuesta de satisfacci\u00f3n, donde podr\u00e1s tambi\u00e9n sugerir temas sobre los cu\u00e1les seguir profundizando.&nbsp;<\/div>\n<div><a href=\"https:\/\/forms.gle\/SNnSZm2gUvcziWqd8\">Encuesta.<\/a><\/div>\n<div>&nbsp;<\/div>\n<div>Haciendo clic <a href=\"https:\/\/www.youtube.com\/watch?v=RtJetB1q0xY\">aqu\u00ed<\/a> podr\u00e1s acceder a la transmisi\u00f3n del Seminario.&nbsp;<img loading=\"lazy\" decoding=\"async\" class=\"alignnone size-medium wp-image-4201\" src=\"http:\/\/www.cudecoop.coop\/cudecoop\/wp-content\/uploads\/2023\/09\/WhatsApp-Image-2023-08-30-at-09.36.53-300x169.jpeg\" alt=\"\" width=\"300\" height=\"169\" srcset=\"https:\/\/www.cudecoop.coop\/cudecoop\/wp-content\/uploads\/2023\/09\/WhatsApp-Image-2023-08-30-at-09.36.53-300x169.jpeg 300w, https:\/\/www.cudecoop.coop\/cudecoop\/wp-content\/uploads\/2023\/09\/WhatsApp-Image-2023-08-30-at-09.36.53-768x432.jpeg 768w, https:\/\/www.cudecoop.coop\/cudecoop\/wp-content\/uploads\/2023\/09\/WhatsApp-Image-2023-08-30-at-09.36.53-1024x576.jpeg 1024w, https:\/\/www.cudecoop.coop\/cudecoop\/wp-content\/uploads\/2023\/09\/WhatsApp-Image-2023-08-30-at-09.36.53-24x14.jpeg 24w, https:\/\/www.cudecoop.coop\/cudecoop\/wp-content\/uploads\/2023\/09\/WhatsApp-Image-2023-08-30-at-09.36.53-36x20.jpeg 36w, https:\/\/www.cudecoop.coop\/cudecoop\/wp-content\/uploads\/2023\/09\/WhatsApp-Image-2023-08-30-at-09.36.53-48x27.jpeg 48w, https:\/\/www.cudecoop.coop\/cudecoop\/wp-content\/uploads\/2023\/09\/WhatsApp-Image-2023-08-30-at-09.36.53.jpeg 1600w\" sizes=\"auto, (max-width: 300px) 100vw, 300px\" \/> <img loading=\"lazy\" decoding=\"async\" class=\"alignnone size-medium wp-image-4202\" src=\"http:\/\/www.cudecoop.coop\/cudecoop\/wp-content\/uploads\/2023\/09\/WhatsApp-Image-2023-08-30-at-12.58.35-300x169.jpeg\" alt=\"\" width=\"300\" height=\"169\" srcset=\"https:\/\/www.cudecoop.coop\/cudecoop\/wp-content\/uploads\/2023\/09\/WhatsApp-Image-2023-08-30-at-12.58.35-300x169.jpeg 300w, https:\/\/www.cudecoop.coop\/cudecoop\/wp-content\/uploads\/2023\/09\/WhatsApp-Image-2023-08-30-at-12.58.35-768x432.jpeg 768w, https:\/\/www.cudecoop.coop\/cudecoop\/wp-content\/uploads\/2023\/09\/WhatsApp-Image-2023-08-30-at-12.58.35-1024x576.jpeg 1024w, https:\/\/www.cudecoop.coop\/cudecoop\/wp-content\/uploads\/2023\/09\/WhatsApp-Image-2023-08-30-at-12.58.35-24x14.jpeg 24w, https:\/\/www.cudecoop.coop\/cudecoop\/wp-content\/uploads\/2023\/09\/WhatsApp-Image-2023-08-30-at-12.58.35-36x20.jpeg 36w, https:\/\/www.cudecoop.coop\/cudecoop\/wp-content\/uploads\/2023\/09\/WhatsApp-Image-2023-08-30-at-12.58.35-48x27.jpeg 48w, https:\/\/www.cudecoop.coop\/cudecoop\/wp-content\/uploads\/2023\/09\/WhatsApp-Image-2023-08-30-at-12.58.35.jpeg 1600w\" sizes=\"auto, (max-width: 300px) 100vw, 300px\" \/> <img loading=\"lazy\" decoding=\"async\" class=\"alignnone size-medium wp-image-4203\" src=\"http:\/\/www.cudecoop.coop\/cudecoop\/wp-content\/uploads\/2023\/09\/WhatsApp-Image-2023-08-30-at-11.59.19-300x169.jpeg\" alt=\"\" width=\"300\" height=\"169\" srcset=\"https:\/\/www.cudecoop.coop\/cudecoop\/wp-content\/uploads\/2023\/09\/WhatsApp-Image-2023-08-30-at-11.59.19-300x169.jpeg 300w, https:\/\/www.cudecoop.coop\/cudecoop\/wp-content\/uploads\/2023\/09\/WhatsApp-Image-2023-08-30-at-11.59.19-768x432.jpeg 768w, https:\/\/www.cudecoop.coop\/cudecoop\/wp-content\/uploads\/2023\/09\/WhatsApp-Image-2023-08-30-at-11.59.19-1024x576.jpeg 1024w, https:\/\/www.cudecoop.coop\/cudecoop\/wp-content\/uploads\/2023\/09\/WhatsApp-Image-2023-08-30-at-11.59.19-2000x1134.jpeg 2000w, https:\/\/www.cudecoop.coop\/cudecoop\/wp-content\/uploads\/2023\/09\/WhatsApp-Image-2023-08-30-at-11.59.19-24x14.jpeg 24w, https:\/\/www.cudecoop.coop\/cudecoop\/wp-content\/uploads\/2023\/09\/WhatsApp-Image-2023-08-30-at-11.59.19-36x20.jpeg 36w, https:\/\/www.cudecoop.coop\/cudecoop\/wp-content\/uploads\/2023\/09\/WhatsApp-Image-2023-08-30-at-11.59.19-48x27.jpeg 48w, https:\/\/www.cudecoop.coop\/cudecoop\/wp-content\/uploads\/2023\/09\/WhatsApp-Image-2023-08-30-at-11.59.19.jpeg 2016w\" sizes=\"auto, (max-width: 300px) 100vw, 300px\" \/> <img loading=\"lazy\" decoding=\"async\" class=\"alignnone size-medium wp-image-4204\" src=\"http:\/\/www.cudecoop.coop\/cudecoop\/wp-content\/uploads\/2023\/09\/WhatsApp-Image-2023-08-30-at-11.25.40-300x169.jpeg\" alt=\"\" width=\"300\" height=\"169\" srcset=\"https:\/\/www.cudecoop.coop\/cudecoop\/wp-content\/uploads\/2023\/09\/WhatsApp-Image-2023-08-30-at-11.25.40-300x169.jpeg 300w, https:\/\/www.cudecoop.coop\/cudecoop\/wp-content\/uploads\/2023\/09\/WhatsApp-Image-2023-08-30-at-11.25.40-768x432.jpeg 768w, https:\/\/www.cudecoop.coop\/cudecoop\/wp-content\/uploads\/2023\/09\/WhatsApp-Image-2023-08-30-at-11.25.40-1024x576.jpeg 1024w, https:\/\/www.cudecoop.coop\/cudecoop\/wp-content\/uploads\/2023\/09\/WhatsApp-Image-2023-08-30-at-11.25.40-2000x1134.jpeg 2000w, https:\/\/www.cudecoop.coop\/cudecoop\/wp-content\/uploads\/2023\/09\/WhatsApp-Image-2023-08-30-at-11.25.40-24x14.jpeg 24w, https:\/\/www.cudecoop.coop\/cudecoop\/wp-content\/uploads\/2023\/09\/WhatsApp-Image-2023-08-30-at-11.25.40-36x20.jpeg 36w, https:\/\/www.cudecoop.coop\/cudecoop\/wp-content\/uploads\/2023\/09\/WhatsApp-Image-2023-08-30-at-11.25.40-48x27.jpeg 48w, https:\/\/www.cudecoop.coop\/cudecoop\/wp-content\/uploads\/2023\/09\/WhatsApp-Image-2023-08-30-at-11.25.40.jpeg 2016w\" sizes=\"auto, (max-width: 300px) 100vw, 300px\" \/> <img loading=\"lazy\" decoding=\"async\" class=\"alignnone size-medium wp-image-4207\" src=\"http:\/\/www.cudecoop.coop\/cudecoop\/wp-content\/uploads\/2023\/09\/WhatsApp-Image-2023-08-30-at-09.46.33-300x169.jpeg\" alt=\"\" width=\"300\" height=\"169\" srcset=\"https:\/\/www.cudecoop.coop\/cudecoop\/wp-content\/uploads\/2023\/09\/WhatsApp-Image-2023-08-30-at-09.46.33-300x169.jpeg 300w, https:\/\/www.cudecoop.coop\/cudecoop\/wp-content\/uploads\/2023\/09\/WhatsApp-Image-2023-08-30-at-09.46.33-768x432.jpeg 768w, https:\/\/www.cudecoop.coop\/cudecoop\/wp-content\/uploads\/2023\/09\/WhatsApp-Image-2023-08-30-at-09.46.33-1024x576.jpeg 1024w, https:\/\/www.cudecoop.coop\/cudecoop\/wp-content\/uploads\/2023\/09\/WhatsApp-Image-2023-08-30-at-09.46.33-24x14.jpeg 24w, https:\/\/www.cudecoop.coop\/cudecoop\/wp-content\/uploads\/2023\/09\/WhatsApp-Image-2023-08-30-at-09.46.33-36x20.jpeg 36w, https:\/\/www.cudecoop.coop\/cudecoop\/wp-content\/uploads\/2023\/09\/WhatsApp-Image-2023-08-30-at-09.46.33-48x27.jpeg 48w, https:\/\/www.cudecoop.coop\/cudecoop\/wp-content\/uploads\/2023\/09\/WhatsApp-Image-2023-08-30-at-09.46.33.jpeg 1600w\" sizes=\"auto, (max-width: 300px) 100vw, 300px\" \/> <img loading=\"lazy\" decoding=\"async\" class=\"alignnone size-medium wp-image-4206\" src=\"http:\/\/www.cudecoop.coop\/cudecoop\/wp-content\/uploads\/2023\/09\/WhatsApp-Image-2023-08-30-at-10.10.40-300x169.jpeg\" alt=\"\" width=\"300\" height=\"169\" srcset=\"https:\/\/www.cudecoop.coop\/cudecoop\/wp-content\/uploads\/2023\/09\/WhatsApp-Image-2023-08-30-at-10.10.40-300x169.jpeg 300w, https:\/\/www.cudecoop.coop\/cudecoop\/wp-content\/uploads\/2023\/09\/WhatsApp-Image-2023-08-30-at-10.10.40-768x432.jpeg 768w, https:\/\/www.cudecoop.coop\/cudecoop\/wp-content\/uploads\/2023\/09\/WhatsApp-Image-2023-08-30-at-10.10.40-1024x576.jpeg 1024w, https:\/\/www.cudecoop.coop\/cudecoop\/wp-content\/uploads\/2023\/09\/WhatsApp-Image-2023-08-30-at-10.10.40-24x14.jpeg 24w, https:\/\/www.cudecoop.coop\/cudecoop\/wp-content\/uploads\/2023\/09\/WhatsApp-Image-2023-08-30-at-10.10.40-36x20.jpeg 36w, https:\/\/www.cudecoop.coop\/cudecoop\/wp-content\/uploads\/2023\/09\/WhatsApp-Image-2023-08-30-at-10.10.40-48x27.jpeg 48w, https:\/\/www.cudecoop.coop\/cudecoop\/wp-content\/uploads\/2023\/09\/WhatsApp-Image-2023-08-30-at-10.10.40.jpeg 1600w\" sizes=\"auto, (max-width: 300px) 100vw, 300px\" \/> <img loading=\"lazy\" decoding=\"async\" class=\"alignnone size-medium wp-image-4208\" src=\"http:\/\/www.cudecoop.coop\/cudecoop\/wp-content\/uploads\/2023\/09\/WhatsApp-Image-2023-08-30-at-09.36.54-1-300x169.jpeg\" alt=\"\" width=\"300\" height=\"169\" srcset=\"https:\/\/www.cudecoop.coop\/cudecoop\/wp-content\/uploads\/2023\/09\/WhatsApp-Image-2023-08-30-at-09.36.54-1-300x169.jpeg 300w, https:\/\/www.cudecoop.coop\/cudecoop\/wp-content\/uploads\/2023\/09\/WhatsApp-Image-2023-08-30-at-09.36.54-1-768x432.jpeg 768w, https:\/\/www.cudecoop.coop\/cudecoop\/wp-content\/uploads\/2023\/09\/WhatsApp-Image-2023-08-30-at-09.36.54-1-1024x576.jpeg 1024w, https:\/\/www.cudecoop.coop\/cudecoop\/wp-content\/uploads\/2023\/09\/WhatsApp-Image-2023-08-30-at-09.36.54-1-24x14.jpeg 24w, https:\/\/www.cudecoop.coop\/cudecoop\/wp-content\/uploads\/2023\/09\/WhatsApp-Image-2023-08-30-at-09.36.54-1-36x20.jpeg 36w, https:\/\/www.cudecoop.coop\/cudecoop\/wp-content\/uploads\/2023\/09\/WhatsApp-Image-2023-08-30-at-09.36.54-1-48x27.jpeg 48w, https:\/\/www.cudecoop.coop\/cudecoop\/wp-content\/uploads\/2023\/09\/WhatsApp-Image-2023-08-30-at-09.36.54-1.jpeg 1600w\" sizes=\"auto, (max-width: 300px) 100vw, 300px\" \/><\/div>\n<div>&nbsp;<\/div>\n","protected":false},"excerpt":{"rendered":"<p>El mi\u00e9rcoles 30 de agosto se realiz\u00f3 el 6to Seminario Nacional de Derecho Cooperativo. Estuvieron presentes autoridades del movimiento cooperativo, referentes del derecho nacional y m\u00e1s de 150 personas, entre quienes participaron de forma presencial y virtual. El encuentro propici\u00f3 un espacio para reflexionar sobre la Ley General de Cooperativas, en su 15\u00b0 aniversario.&nbsp; &nbsp; De la mesa de apertura, participaron Alicia Maneiro, presidenta de Cudecoop; Marcelo Amor\u00edn, por la Facultad de Derecho; Dante Cracogna, presidente del Comit\u00e9 de Derecho de Cooperativas de las Am\u00e9ricas y Graciela Fern\u00e1ndez, presidenta de Cooperativas de las Am\u00e9ricas quien tambi\u00e9n expuso en la Conferencia [&#8230;]<\/p>\n","protected":false},"author":27,"featured_media":4200,"comment_status":"open","ping_status":"open","sticky":false,"template":"","format":"standard","meta":{"_acf_changed":false,"ngg_post_thumbnail":0,"footnotes":""},"categories":[7,6,1],"tags":[],"class_list":["post-4199","post","type-post","status-publish","format-standard","has-post-thumbnail","hentry","category-cooperativas","category-institucionales","category-noticias"],"acf":[],"_links":{"self":[{"href":"https:\/\/www.cudecoop.coop\/cudecoop\/wp-json\/wp\/v2\/posts\/4199","targetHints":{"allow":["GET"]}}],"collection":[{"href":"https:\/\/www.cudecoop.coop\/cudecoop\/wp-json\/wp\/v2\/posts"}],"about":[{"href":"https:\/\/www.cudecoop.coop\/cudecoop\/wp-json\/wp\/v2\/types\/post"}],"author":[{"embeddable":true,"href":"https:\/\/www.cudecoop.coop\/cudecoop\/wp-json\/wp\/v2\/users\/27"}],"replies":[{"embeddable":true,"href":"https:\/\/www.cudecoop.coop\/cudecoop\/wp-json\/wp\/v2\/comments?post=4199"}],"version-history":[{"count":2,"href":"https:\/\/www.cudecoop.coop\/cudecoop\/wp-json\/wp\/v2\/posts\/4199\/revisions"}],"predecessor-version":[{"id":4210,"href":"https:\/\/www.cudecoop.coop\/cudecoop\/wp-json\/wp\/v2\/posts\/4199\/revisions\/4210"}],"wp:featuredmedia":[{"embeddable":true,"href":"https:\/\/www.cudecoop.coop\/cudecoop\/wp-json\/wp\/v2\/media\/4200"}],"wp:attachment":[{"href":"https:\/\/www.cudecoop.coop\/cudecoop\/wp-json\/wp\/v2\/media?parent=4199"}],"wp:term":[{"taxonomy":"category","embeddable":true,"href":"https:\/\/www.cudecoop.coop\/cudecoop\/wp-json\/wp\/v2\/categories?post=4199"},{"taxonomy":"post_tag","embeddable":true,"href":"https:\/\/www.cudecoop.coop\/cudecoop\/wp-json\/wp\/v2\/tags?post=4199"}],"curies":[{"name":"wp","href":"https:\/\/api.w.org\/{rel}","templated":true}]}}