{"id":4177,"date":"2023-08-08T15:01:32","date_gmt":"2023-08-08T15:01:32","guid":{"rendered":"http:\/\/www.cudecoop.coop\/cudecoop\/?p=4177"},"modified":"2024-03-18T19:52:24","modified_gmt":"2024-03-18T19:52:24","slug":"6to-seminario-nacional-de-derecho-cooperativo-2","status":"publish","type":"post","link":"https:\/\/www.cudecoop.coop\/cudecoop\/6to-seminario-nacional-de-derecho-cooperativo-2\/","title":{"rendered":"6to Seminario Nacional de Derecho Cooperativo"},"content":{"rendered":"<p>Te invitamos a participar del 6to Seminario Nacional de Derecho Cooperativo, al que se podr\u00e1 acceder de forma presencial o virtual v\u00eda YouTube.&nbsp;<\/p>\n<p>Se realizar\u00e1 el mi\u00e9rcoles 30 de agosto en la Sala de Conferencias del Edificio de Mercosur &#8211; Dr. Luis Piera 1992 de 9:00 a 13:00 hs.&nbsp;<\/p>\n<p>Clic <a href=\"https:\/\/docs.google.com\/forms\/d\/e\/1FAIpQLSenYWah5p-2Vj_A1NfzP7LA87ap7Ft9oww3-Ad72efhvBOs2g\/viewform\">aqu\u00ed <\/a>para acceder al formulario de inscripci\u00f3n.<\/p>\n<p>Clic <a href=\"https:\/\/www.youtube.com\/channel\/UCrfd0ObAkQNnVy9qHqfXgIg\">aqu\u00ed <\/a>para seguir la transmisi\u00f3n en YouTube @cudecoop.<\/p>\n<p>&nbsp;<\/p>\n<p>VI Seminario Nacional Derecho Cooperativo \u201cReflexiones a 15 a\u00f1os de la Ley General de Cooperativas&#8221;&nbsp;Mi\u00e9rcoles 30 de agosto de 2023<\/p>\n<p>PROGRAMA<\/p>\n<table>\n<tbody>\n<tr>\n<td width=\"75\">9:00hs<\/td>\n<td width=\"491\">APERTURA<\/p>\n<p>&nbsp;&nbsp;&nbsp;&nbsp;&nbsp;&nbsp;&nbsp;&nbsp;&nbsp;&nbsp;&nbsp;&nbsp;&nbsp;<\/p>\n<p>&#8211; Prof. Alicia Maneiro &#8211; Presidenta CUDECOOP<\/p>\n<p>&#8211; Dr. Marcelo Amor\u00edn &#8211; Facultad de Derecho<\/p>\n<p>&#8211; Dr. Dante Cracogna \u2013 Presidente del Comit\u00e9 de Derecho de Cooperativas de las Am\u00e9ricas (video de saludo)<\/p>\n<p>&#8211; Dra. Graciela Fernandez \u2013 Presidenta de Cooperativas de las Am\u00e9ricas<\/td>\n<\/tr>\n<tr>\n<td width=\"75\">&nbsp;<\/td>\n<td width=\"491\">CONFERENCIA CENTRAL:<\/td>\n<\/tr>\n<tr>\n<td width=\"75\">9:30hs<\/td>\n<td width=\"491\">&nbsp;\u201cEl sistema normativo uruguayo y su desarrollo a 15 a\u00f1os de la Ley 18.407\u201d &#8211;&nbsp; Dra. Graciela Fernandez<\/td>\n<\/tr>\n<tr>\n<td width=\"75\">&nbsp;<\/td>\n<td width=\"491\">EXPOSICI\u00d3N:<\/td>\n<\/tr>\n<tr>\n<td width=\"75\">9.45<\/td>\n<td width=\"491\">\u201cNegociaci\u00f3n colectiva en el sector cooperativo\u201d Dr. Pablo Guerra, Dr. Jos\u00e9 Pablo Garcia, Dra. Lucia Maschi, Dr. Gerardo Montes (Instituto Juan Pablo Terra)<\/td>\n<\/tr>\n<tr>\n<td width=\"75\">10:00<\/td>\n<td width=\"491\">Caf\u00e9<\/td>\n<\/tr>\n<tr>\n<td width=\"75\">10.15<\/td>\n<td width=\"491\">PONENCIAS<\/td>\n<\/tr>\n<tr>\n<td width=\"75\">&nbsp;<\/td>\n<td width=\"491\">1.&nbsp;&nbsp;&nbsp;&nbsp;&nbsp;&nbsp; La incorporaci\u00f3n de la perspectiva de g\u00e9nero en la Ley General de Cooperativas. Dra. Dahian Techera, Esc. Silvana Avondet<\/p>\n<p>2.&nbsp;&nbsp;&nbsp;&nbsp;&nbsp;&nbsp; La ley de cotitularidad de partes sociales conmueve las bases del cooperativismo de viviendas de usuarios. Una propuesta constructiva. Dr. Enrique Malel<\/p>\n<p>3.&nbsp;&nbsp;&nbsp;&nbsp;&nbsp;&nbsp; Cotitularidad mirada desde la pr\u00e1ctica notarial. Esc. Carmen Taborda \u2013 AEU<\/p>\n<p>4.&nbsp;&nbsp;&nbsp;&nbsp;&nbsp;&nbsp; El acto cooperativo en las cooperativas de vivienda \u00bfPor qu\u00e9 la exigencia de formalidades especiales?&nbsp; Dr. Alejandro Domostoj<\/p>\n<p>5.&nbsp;&nbsp;&nbsp;&nbsp;&nbsp;&nbsp; La aplicaci\u00f3n jurisprudencial del derecho cooperativo \u2013 Dr. Jos\u00e9 Pablo Garcia<\/p>\n<p>6.&nbsp;&nbsp;&nbsp;&nbsp;&nbsp;&nbsp; Aspectos pr\u00e1cticos del impacto del Decreto N\u00b0208\/020 en las cooperativas: fiscalizaci\u00f3n \u201cin situ\u201d de asambleas virtuales por la Auditor\u00eda Interna de la Naci\u00f3n, Dra. Elisa Torbes<\/p>\n<p>7.&nbsp;&nbsp;&nbsp;&nbsp;&nbsp;&nbsp; El uso de las nuevas tecnolog\u00edas de informaci\u00f3n y comunicaci\u00f3n para el funcionamiento de los \u00f3rganos de las cooperativas como una herramienta \u00fatil y perfectible &#8211; Dra. Ana Karina M\u00e1rquez<\/p>\n<p>8.&nbsp;&nbsp;&nbsp;&nbsp;&nbsp;&nbsp; Una lectura de la Ley 18.407 en el marco de la resoluci\u00f3n de ONU sobre la promoci\u00f3n de la econom\u00eda social y solidaria para el desarrollo sostenible. Di\u00e1logos posibles. Dr. Juan Pablo P\u00edo, Ec. Daniel Egger<\/td>\n<\/tr>\n<tr>\n<td width=\"75\">12.00<\/td>\n<td width=\"491\">Intercambio con los participantes<\/td>\n<\/tr>\n<tr>\n<td width=\"75\">12.45<\/td>\n<td width=\"491\">Cierre con autoridades y brindis<\/td>\n<\/tr>\n<\/tbody>\n<\/table>\n<p>&nbsp;<\/p>\n<p>&nbsp;<\/p>\n","protected":false},"excerpt":{"rendered":"<p>Te invitamos a participar del 6to Seminario Nacional de Derecho Cooperativo, al que se podr\u00e1 acceder de forma presencial o virtual v\u00eda YouTube.&nbsp; Se realizar\u00e1 el mi\u00e9rcoles 30 de agosto en la Sala de Conferencias del Edificio de Mercosur &#8211; Dr. Luis Piera 1992 de 9:00 a 13:00 hs.&nbsp; Clic aqu\u00ed para acceder al formulario de inscripci\u00f3n. Clic aqu\u00ed para seguir la transmisi\u00f3n en YouTube @cudecoop. &nbsp; VI Seminario Nacional Derecho Cooperativo \u201cReflexiones a 15 a\u00f1os de la Ley General de Cooperativas&#8221;&nbsp;Mi\u00e9rcoles 30 de agosto de 2023 PROGRAMA 9:00hs APERTURA &nbsp;&nbsp;&nbsp;&nbsp;&nbsp;&nbsp;&nbsp;&nbsp;&nbsp;&nbsp;&nbsp;&nbsp;&nbsp; &#8211; Prof. Alicia Maneiro &#8211; Presidenta CUDECOOP &#8211; Dr. [&#8230;]<\/p>\n","protected":false},"author":27,"featured_media":4186,"comment_status":"open","ping_status":"open","sticky":false,"template":"","format":"standard","meta":{"_acf_changed":false,"ngg_post_thumbnail":0,"footnotes":""},"categories":[7,6,1],"tags":[],"class_list":["post-4177","post","type-post","status-publish","format-standard","has-post-thumbnail","hentry","category-cooperativas","category-institucionales","category-noticias"],"acf":[],"_links":{"self":[{"href":"https:\/\/www.cudecoop.coop\/cudecoop\/wp-json\/wp\/v2\/posts\/4177","targetHints":{"allow":["GET"]}}],"collection":[{"href":"https:\/\/www.cudecoop.coop\/cudecoop\/wp-json\/wp\/v2\/posts"}],"about":[{"href":"https:\/\/www.cudecoop.coop\/cudecoop\/wp-json\/wp\/v2\/types\/post"}],"author":[{"embeddable":true,"href":"https:\/\/www.cudecoop.coop\/cudecoop\/wp-json\/wp\/v2\/users\/27"}],"replies":[{"embeddable":true,"href":"https:\/\/www.cudecoop.coop\/cudecoop\/wp-json\/wp\/v2\/comments?post=4177"}],"version-history":[{"count":9,"href":"https:\/\/www.cudecoop.coop\/cudecoop\/wp-json\/wp\/v2\/posts\/4177\/revisions"}],"predecessor-version":[{"id":4189,"href":"https:\/\/www.cudecoop.coop\/cudecoop\/wp-json\/wp\/v2\/posts\/4177\/revisions\/4189"}],"wp:featuredmedia":[{"embeddable":true,"href":"https:\/\/www.cudecoop.coop\/cudecoop\/wp-json\/wp\/v2\/media\/4186"}],"wp:attachment":[{"href":"https:\/\/www.cudecoop.coop\/cudecoop\/wp-json\/wp\/v2\/media?parent=4177"}],"wp:term":[{"taxonomy":"category","embeddable":true,"href":"https:\/\/www.cudecoop.coop\/cudecoop\/wp-json\/wp\/v2\/categories?post=4177"},{"taxonomy":"post_tag","embeddable":true,"href":"https:\/\/www.cudecoop.coop\/cudecoop\/wp-json\/wp\/v2\/tags?post=4177"}],"curies":[{"name":"wp","href":"https:\/\/api.w.org\/{rel}","templated":true}]}}