{"id":4167,"date":"2023-07-03T20:07:41","date_gmt":"2023-07-03T20:07:41","guid":{"rendered":"http:\/\/www.cudecoop.coop\/cudecoop\/?p=4167"},"modified":"2023-07-19T20:19:58","modified_gmt":"2023-07-19T20:19:58","slug":"cooperativas-por-el-desarrollo-sostenible-en-melo-capital-nacional-del-cooperativismo","status":"publish","type":"post","link":"https:\/\/www.cudecoop.coop\/cudecoop\/cooperativas-por-el-desarrollo-sostenible-en-melo-capital-nacional-del-cooperativismo\/","title":{"rendered":"Cooperativas por el desarrollo sostenible, en Melo Capital Nacional del Cooperativismo"},"content":{"rendered":"<p><strong>&#8220;Cooperativas por el desarrollo sostenible&#8221;<\/strong><\/p>\n<p>En el marco de la celebraci\u00f3n del D\u00eda Internacional de las Cooperativas, Cudecoop convoc\u00f3 a las cooperativas a celebrar el d\u00eda bajo el lema internacional: Cooperativas por el desarrollo sostenible.&nbsp;<\/p>\n<p>Los festejos institucionales se realizaron en Cerro Largo, departamento que aloja a la ciudad de Melo, Capital Nacional del Cooperativismo en este 2023, m\u00e1s precisamente, en las instalaciones de COLEME, cooperativa agraria emblem\u00e1tica de nuestro pa\u00eds, con sus 90 a\u00f1os de atrayectoria.<\/p>\n<p>Contamos esa ma\u00f1ana con la participaci\u00f3n y oratorio de \u00c1lvaro Delgado, secretario de Presidencia; Pablo Mieres, ministro de Trabajo y Seguridad Social; Jos\u00e9 Yurramendi, intendente de Cerro Largo; Alicia Maneiro, presidenta de Cudecoop, Mart\u00edn Fern\u00e1ndez, presidente de Inacoop y representantes de la Mesa Intercooperativa de Cerro Largo. <a href=\"https:\/\/www.youtube.com\/watch?v=X-qQrzmA0mQ\">Aqu\u00ed se puede ver la oratoria completa de los representantes del gobierno y del sector cooperativo.<\/a>&nbsp;<\/p>\n<p>Por otro lado se comparti\u00f3 en la jornada un video de algunas cooperativas del Departamento, con motivo de la celebraci\u00f3n. Las cooperativas del video son: Copolac, Mercado Agr\u00edcola Familiar, y Cooperativa de Manualidades de Fraile Muerto.&nbsp;&nbsp;<a href=\"https:\/\/www.youtube.com\/watch?v=qTEp_bMbuE0\">Aqu\u00ed pueden ver el material<\/a>.&nbsp;<\/p>\n<p>Al final de la actividad se rindi\u00f3 un homenaje a Coleme, por su compromiso con el desarrollo social y econ\u00f3mico del Departamento.&nbsp;<\/p>\n","protected":false},"excerpt":{"rendered":"<p>&#8220;Cooperativas por el desarrollo sostenible&#8221; En el marco de la celebraci\u00f3n del D\u00eda Internacional de las Cooperativas, Cudecoop convoc\u00f3 a las cooperativas a celebrar el d\u00eda bajo el lema internacional: Cooperativas por el desarrollo sostenible.&nbsp; Los festejos institucionales se realizaron en Cerro Largo, departamento que aloja a la ciudad de Melo, Capital Nacional del Cooperativismo en este 2023, m\u00e1s precisamente, en las instalaciones de COLEME, cooperativa agraria emblem\u00e1tica de nuestro pa\u00eds, con sus 90 a\u00f1os de atrayectoria. Contamos esa ma\u00f1ana con la participaci\u00f3n y oratorio de \u00c1lvaro Delgado, secretario de Presidencia; Pablo Mieres, ministro de Trabajo y Seguridad Social; Jos\u00e9 [&#8230;]<\/p>\n","protected":false},"author":27,"featured_media":4170,"comment_status":"open","ping_status":"open","sticky":false,"template":"","format":"standard","meta":{"_acf_changed":false,"ngg_post_thumbnail":0,"footnotes":""},"categories":[7,6,1],"tags":[],"class_list":["post-4167","post","type-post","status-publish","format-standard","has-post-thumbnail","hentry","category-cooperativas","category-institucionales","category-noticias"],"acf":[],"_links":{"self":[{"href":"https:\/\/www.cudecoop.coop\/cudecoop\/wp-json\/wp\/v2\/posts\/4167","targetHints":{"allow":["GET"]}}],"collection":[{"href":"https:\/\/www.cudecoop.coop\/cudecoop\/wp-json\/wp\/v2\/posts"}],"about":[{"href":"https:\/\/www.cudecoop.coop\/cudecoop\/wp-json\/wp\/v2\/types\/post"}],"author":[{"embeddable":true,"href":"https:\/\/www.cudecoop.coop\/cudecoop\/wp-json\/wp\/v2\/users\/27"}],"replies":[{"embeddable":true,"href":"https:\/\/www.cudecoop.coop\/cudecoop\/wp-json\/wp\/v2\/comments?post=4167"}],"version-history":[{"count":3,"href":"https:\/\/www.cudecoop.coop\/cudecoop\/wp-json\/wp\/v2\/posts\/4167\/revisions"}],"predecessor-version":[{"id":4171,"href":"https:\/\/www.cudecoop.coop\/cudecoop\/wp-json\/wp\/v2\/posts\/4167\/revisions\/4171"}],"wp:featuredmedia":[{"embeddable":true,"href":"https:\/\/www.cudecoop.coop\/cudecoop\/wp-json\/wp\/v2\/media\/4170"}],"wp:attachment":[{"href":"https:\/\/www.cudecoop.coop\/cudecoop\/wp-json\/wp\/v2\/media?parent=4167"}],"wp:term":[{"taxonomy":"category","embeddable":true,"href":"https:\/\/www.cudecoop.coop\/cudecoop\/wp-json\/wp\/v2\/categories?post=4167"},{"taxonomy":"post_tag","embeddable":true,"href":"https:\/\/www.cudecoop.coop\/cudecoop\/wp-json\/wp\/v2\/tags?post=4167"}],"curies":[{"name":"wp","href":"https:\/\/api.w.org\/{rel}","templated":true}]}}