{"id":4155,"date":"2023-07-13T20:54:03","date_gmt":"2023-07-13T20:54:03","guid":{"rendered":"http:\/\/www.cudecoop.coop\/cudecoop\/?p=4155"},"modified":"2023-07-13T20:57:06","modified_gmt":"2023-07-13T20:57:06","slug":"llamado-a-coordinadora-tecnica-para-comision-de-genero-de-cudecoop","status":"publish","type":"post","link":"https:\/\/www.cudecoop.coop\/cudecoop\/llamado-a-coordinadora-tecnica-para-comision-de-genero-de-cudecoop\/","title":{"rendered":"Llamado a Coordinadora T\u00e9cnica para Comisi\u00f3n de G\u00e9nero de Cudecoop"},"content":{"rendered":"<p><strong>TERMINOS DE REFERENCIA PARA COORDINADOR\/A T\u00c9CNICA\/O&nbsp;<\/strong><strong>(Comisi\u00f3n de G\u00e9nero de CUDECOOP)<\/strong><\/p>\n<p><strong>Objetivo<\/strong>:<\/p>\n<p>El objetivo fundamental del rol al que se convoca es brindar apoyo t\u00e9cnico a la Comisi\u00f3n de G\u00e9nero de CUDECOOP y espec\u00edficamente en la ejecuci\u00f3n del proyecto \u201cLiderazgo cooperativo con perspectiva de g\u00e9nero\u201d<\/p>\n<p><strong>Condiciones de la<\/strong> <strong>contrataci\u00f3n:<\/strong><\/p>\n<p>Plazo: La duraci\u00f3n del contrato ser\u00e1 por el per\u00edodo comprendidos entre el 1\u00b0 de agosto y el 31 de diciembre de 2023, pudiendo ser prorrogable hasta la culminaci\u00f3n del proyecto en junio 2024.<\/p>\n<p>Se recibir\u00e1n los CV hasta el lunes <strong>24 de julio<\/strong> inclusive.<\/p>\n<p>Para enviar consultas o C.V. dirigirse a&nbsp;Silvana Avondet v\u00eda mail a&nbsp; proregio@cudecoop.coop<\/p>\n<p><a href=\"http:\/\/www.cudecoop.coop\/cudecoop\/wp-content\/uploads\/2023\/07\/TDR-Coordinadora-t\u00e9cnica-G\u00e9nro.pdf\">TDR Coordinadora t\u00e9cnica G\u00e9nero<\/a><\/p>\n","protected":false},"excerpt":{"rendered":"<p>TERMINOS DE REFERENCIA PARA COORDINADOR\/A T\u00c9CNICA\/O&nbsp;(Comisi\u00f3n de G\u00e9nero de CUDECOOP) Objetivo: El objetivo fundamental del rol al que se convoca es brindar apoyo t\u00e9cnico a la Comisi\u00f3n de G\u00e9nero de CUDECOOP y espec\u00edficamente en la ejecuci\u00f3n del proyecto \u201cLiderazgo cooperativo con perspectiva de g\u00e9nero\u201d Condiciones de la contrataci\u00f3n: Plazo: La duraci\u00f3n del contrato ser\u00e1 por el per\u00edodo comprendidos entre el 1\u00b0 de agosto y el 31 de diciembre de 2023, pudiendo ser prorrogable hasta la culminaci\u00f3n del proyecto en junio 2024. Se recibir\u00e1n los CV hasta el lunes 24 de julio inclusive. Para enviar consultas o C.V. dirigirse a&nbsp;Silvana Avondet [&#8230;]<\/p>\n","protected":false},"author":27,"featured_media":0,"comment_status":"open","ping_status":"open","sticky":false,"template":"","format":"standard","meta":{"_acf_changed":false,"ngg_post_thumbnail":0,"footnotes":""},"categories":[7,6,1],"tags":[],"class_list":["post-4155","post","type-post","status-publish","format-standard","hentry","category-cooperativas","category-institucionales","category-noticias"],"acf":[],"_links":{"self":[{"href":"https:\/\/www.cudecoop.coop\/cudecoop\/wp-json\/wp\/v2\/posts\/4155","targetHints":{"allow":["GET"]}}],"collection":[{"href":"https:\/\/www.cudecoop.coop\/cudecoop\/wp-json\/wp\/v2\/posts"}],"about":[{"href":"https:\/\/www.cudecoop.coop\/cudecoop\/wp-json\/wp\/v2\/types\/post"}],"author":[{"embeddable":true,"href":"https:\/\/www.cudecoop.coop\/cudecoop\/wp-json\/wp\/v2\/users\/27"}],"replies":[{"embeddable":true,"href":"https:\/\/www.cudecoop.coop\/cudecoop\/wp-json\/wp\/v2\/comments?post=4155"}],"version-history":[{"count":3,"href":"https:\/\/www.cudecoop.coop\/cudecoop\/wp-json\/wp\/v2\/posts\/4155\/revisions"}],"predecessor-version":[{"id":4159,"href":"https:\/\/www.cudecoop.coop\/cudecoop\/wp-json\/wp\/v2\/posts\/4155\/revisions\/4159"}],"wp:attachment":[{"href":"https:\/\/www.cudecoop.coop\/cudecoop\/wp-json\/wp\/v2\/media?parent=4155"}],"wp:term":[{"taxonomy":"category","embeddable":true,"href":"https:\/\/www.cudecoop.coop\/cudecoop\/wp-json\/wp\/v2\/categories?post=4155"},{"taxonomy":"post_tag","embeddable":true,"href":"https:\/\/www.cudecoop.coop\/cudecoop\/wp-json\/wp\/v2\/tags?post=4155"}],"curies":[{"name":"wp","href":"https:\/\/api.w.org\/{rel}","templated":true}]}}