{"id":4149,"date":"2023-07-06T12:40:17","date_gmt":"2023-07-06T12:40:17","guid":{"rendered":"http:\/\/www.cudecoop.coop\/cudecoop\/?p=4149"},"modified":"2023-07-19T14:40:07","modified_gmt":"2023-07-19T14:40:07","slug":"dia-internacional-de-las-cooperativas-2023-montevideo","status":"publish","type":"post","link":"https:\/\/www.cudecoop.coop\/cudecoop\/dia-internacional-de-las-cooperativas-2023-montevideo\/","title":{"rendered":"D\u00eda Internacional de las Cooperativas 2023 &#8211; Montevideo"},"content":{"rendered":"<p>Con motivo de la celebraci\u00f3n del D\u00eda Internacional de las Cooperativas, el pasado 5 se julio se realiz\u00f3 la entrega de una ofrenda floral con apertura de un espacio de reflexi\u00f3n y homenaje en el monumento a Jos\u00e9 Artigas en Plaza Independencia en Montevideo.<\/p>\n<p>Participaron de la actividad Alicia Maneiro, presidenta de Cudecoop y Graciela Fern\u00e1ndez, presidenta de Cooperativas de las Am\u00e9ricas, junto a integrantes del Comit\u00e9 Ejecutivo de Cudecoop; estuvieron presentes Marisol Fuentes, vicepresidenta 1era; \u00c1ngeles Dati, vicepresidenta 2da, Freddy Rold\u00e1n, Tesorero.&nbsp;<\/p>\n<p>Maneiro fue quien tom\u00f3 la palabra en nombre de las autoridades del cooperativismo y pronunci\u00f3 distintos planteos sobre la necesidad de reconocer al movimiento cooperativo como palanca para el desarrollo sostenible.<\/p>\n<p>En la conmemoraci\u00f3n se hicieron presentes cooperativistas de todas las clases y representantes de las distintas Federaciones.&nbsp;<\/p>\n","protected":false},"excerpt":{"rendered":"<p>Con motivo de la celebraci\u00f3n del D\u00eda Internacional de las Cooperativas, el pasado 5 se julio se realiz\u00f3 la entrega de una ofrenda floral con apertura de un espacio de reflexi\u00f3n y homenaje en el monumento a Jos\u00e9 Artigas en Plaza Independencia en Montevideo. Participaron de la actividad Alicia Maneiro, presidenta de Cudecoop y Graciela Fern\u00e1ndez, presidenta de Cooperativas de las Am\u00e9ricas, junto a integrantes del Comit\u00e9 Ejecutivo de Cudecoop; estuvieron presentes Marisol Fuentes, vicepresidenta 1era; \u00c1ngeles Dati, vicepresidenta 2da, Freddy Rold\u00e1n, Tesorero.&nbsp; Maneiro fue quien tom\u00f3 la palabra en nombre de las autoridades del cooperativismo y pronunci\u00f3 distintos planteos [&#8230;]<\/p>\n","protected":false},"author":27,"featured_media":4164,"comment_status":"open","ping_status":"open","sticky":false,"template":"","format":"standard","meta":{"_acf_changed":false,"ngg_post_thumbnail":0,"footnotes":""},"categories":[7,6,1],"tags":[],"class_list":["post-4149","post","type-post","status-publish","format-standard","has-post-thumbnail","hentry","category-cooperativas","category-institucionales","category-noticias"],"acf":[],"_links":{"self":[{"href":"https:\/\/www.cudecoop.coop\/cudecoop\/wp-json\/wp\/v2\/posts\/4149","targetHints":{"allow":["GET"]}}],"collection":[{"href":"https:\/\/www.cudecoop.coop\/cudecoop\/wp-json\/wp\/v2\/posts"}],"about":[{"href":"https:\/\/www.cudecoop.coop\/cudecoop\/wp-json\/wp\/v2\/types\/post"}],"author":[{"embeddable":true,"href":"https:\/\/www.cudecoop.coop\/cudecoop\/wp-json\/wp\/v2\/users\/27"}],"replies":[{"embeddable":true,"href":"https:\/\/www.cudecoop.coop\/cudecoop\/wp-json\/wp\/v2\/comments?post=4149"}],"version-history":[{"count":1,"href":"https:\/\/www.cudecoop.coop\/cudecoop\/wp-json\/wp\/v2\/posts\/4149\/revisions"}],"predecessor-version":[{"id":4160,"href":"https:\/\/www.cudecoop.coop\/cudecoop\/wp-json\/wp\/v2\/posts\/4149\/revisions\/4160"}],"wp:featuredmedia":[{"embeddable":true,"href":"https:\/\/www.cudecoop.coop\/cudecoop\/wp-json\/wp\/v2\/media\/4164"}],"wp:attachment":[{"href":"https:\/\/www.cudecoop.coop\/cudecoop\/wp-json\/wp\/v2\/media?parent=4149"}],"wp:term":[{"taxonomy":"category","embeddable":true,"href":"https:\/\/www.cudecoop.coop\/cudecoop\/wp-json\/wp\/v2\/categories?post=4149"},{"taxonomy":"post_tag","embeddable":true,"href":"https:\/\/www.cudecoop.coop\/cudecoop\/wp-json\/wp\/v2\/tags?post=4149"}],"curies":[{"name":"wp","href":"https:\/\/api.w.org\/{rel}","templated":true}]}}