{"id":4145,"date":"2023-07-10T13:02:59","date_gmt":"2023-07-10T13:02:59","guid":{"rendered":"http:\/\/www.cudecoop.coop\/cudecoop\/?p=4145"},"modified":"2024-04-29T17:24:30","modified_gmt":"2024-04-29T17:24:30","slug":"llamado-a-promotor-a-de-paysandu","status":"publish","type":"post","link":"https:\/\/www.cudecoop.coop\/cudecoop\/llamado-a-promotor-a-de-paysandu\/","title":{"rendered":"Llamado a Promotor\/a de Paysand\u00fa"},"content":{"rendered":"<p>El objetivo general es contribuir al&nbsp;<strong>desarrollo y fortalecimiento del Movimiento Cooperativo en todo el territorio naciona<\/strong>l, generando y promoviendo espacios de articulaci\u00f3n y coordinaci\u00f3n del cooperativismo&nbsp;<strong>en perspectiva sectorial, nacional e internacional<\/strong><\/p>\n<p>Es excluyente que residan en el departamento a trabajar y que&nbsp;tengan facturaci\u00f3n activa para el cobro de honorarios.&nbsp;<\/p>\n<p><strong>Cierre del llamado<\/strong>: 23 de julio de 2023<\/p>\n<p>Ver los T\u00e9rminos de Referencia aqu\u00ed:<\/p>\n<p><a href=\"http:\/\/www.cudecoop.coop\/cudecoop\/wp-content\/uploads\/2023\/07\/TdeR-Promotor-PDTC-2023-PAYSAND\u00da.pdf\">TdeR Promotor PDTC 2023 &#8211; PAYSAND\u00da<\/a><\/p>\n","protected":false},"excerpt":{"rendered":"<p>El objetivo general es contribuir al&nbsp;desarrollo y fortalecimiento del Movimiento Cooperativo en todo el territorio nacional, generando y promoviendo espacios de articulaci\u00f3n y coordinaci\u00f3n del cooperativismo&nbsp;en perspectiva sectorial, nacional e internacional Es excluyente que residan en el departamento a trabajar y que&nbsp;tengan facturaci\u00f3n activa para el cobro de honorarios.&nbsp; Cierre del llamado: 23 de julio de 2023 Ver los T\u00e9rminos de Referencia aqu\u00ed: TdeR Promotor PDTC 2023 &#8211; [&#8230;]<\/p>\n","protected":false},"author":27,"featured_media":0,"comment_status":"open","ping_status":"open","sticky":false,"template":"","format":"standard","meta":{"_acf_changed":false,"ngg_post_thumbnail":0,"footnotes":""},"categories":[7,6],"tags":[],"class_list":["post-4145","post","type-post","status-publish","format-standard","hentry","category-cooperativas","category-institucionales"],"acf":[],"_links":{"self":[{"href":"https:\/\/www.cudecoop.coop\/cudecoop\/wp-json\/wp\/v2\/posts\/4145","targetHints":{"allow":["GET"]}}],"collection":[{"href":"https:\/\/www.cudecoop.coop\/cudecoop\/wp-json\/wp\/v2\/posts"}],"about":[{"href":"https:\/\/www.cudecoop.coop\/cudecoop\/wp-json\/wp\/v2\/types\/post"}],"author":[{"embeddable":true,"href":"https:\/\/www.cudecoop.coop\/cudecoop\/wp-json\/wp\/v2\/users\/27"}],"replies":[{"embeddable":true,"href":"https:\/\/www.cudecoop.coop\/cudecoop\/wp-json\/wp\/v2\/comments?post=4145"}],"version-history":[{"count":3,"href":"https:\/\/www.cudecoop.coop\/cudecoop\/wp-json\/wp\/v2\/posts\/4145\/revisions"}],"predecessor-version":[{"id":4172,"href":"https:\/\/www.cudecoop.coop\/cudecoop\/wp-json\/wp\/v2\/posts\/4145\/revisions\/4172"}],"wp:attachment":[{"href":"https:\/\/www.cudecoop.coop\/cudecoop\/wp-json\/wp\/v2\/media?parent=4145"}],"wp:term":[{"taxonomy":"category","embeddable":true,"href":"https:\/\/www.cudecoop.coop\/cudecoop\/wp-json\/wp\/v2\/categories?post=4145"},{"taxonomy":"post_tag","embeddable":true,"href":"https:\/\/www.cudecoop.coop\/cudecoop\/wp-json\/wp\/v2\/tags?post=4145"}],"curies":[{"name":"wp","href":"https:\/\/api.w.org\/{rel}","templated":true}]}}