{"id":4141,"date":"2023-07-03T17:36:26","date_gmt":"2023-07-03T17:36:26","guid":{"rendered":"http:\/\/www.cudecoop.coop\/cudecoop\/?p=4141"},"modified":"2023-07-03T17:36:26","modified_gmt":"2023-07-03T17:36:26","slug":"el-cooperativismo-nacional-es-la-mejor-palanca-para-el-desarrollo-sostenible","status":"publish","type":"post","link":"https:\/\/www.cudecoop.coop\/cudecoop\/el-cooperativismo-nacional-es-la-mejor-palanca-para-el-desarrollo-sostenible\/","title":{"rendered":"El cooperativismo nacional es la mejor palanca para el desarrollo sostenible"},"content":{"rendered":"<p class=\"selectable-text copyable-text iq0m558w\" dir=\"ltr\"><span class=\"selectable-text copyable-text\">COMUNICADO DE PRENSA<\/span><\/p>\n<p><strong>El <\/strong><strong>cooperativismo <\/strong><strong>nacional es la mejor palanca para el desarrollo sostenible<\/strong><\/p>\n<p>&nbsp;<\/p>\n<p><strong>En el marco de las celebraciones por el d\u00eda internacional de las cooperativas, te invitamos este mi\u00e9rcoles 5 de julio a las 17h a compartir un espacio de reflexi\u00f3n y homenaje en el monumento a Jos\u00e9 Artigas de Plaza Independencia (Montevideo).<\/strong> Estar\u00e1n presentes las autoridades del sector cooperativo quienes realizar\u00e1n en este espacio sus planteos respecto a la necesidad de profundizar el reconocimiento del sector como palanca para el desarrollo sostenible.<\/p>\n<p>Uno de los aspectos sustantivos para profundizar la contribuci\u00f3n de las cooperativas al Desarrollo Sostenible tiene que ver con la efectiva traducci\u00f3n econ\u00f3mica del Acto Cooperativo previsto en la Ley Marco del Sector Cooperativo. Esto permitir\u00eda profundizar la capacidad competitiva del modelo cooperativo.<\/p>\n<p>Otro tema clave es terminar de aprobar a nivel parlamentario el proyecto de ley sobre compras p\u00fablicas para el sector. La Confederaci\u00f3n aspira a que el 30 % de las compras p\u00fablicas vayan para las cooperativas de todas las clases. Esto permitir\u00e1 una profundizaci\u00f3n de los est\u00edmulos al desarrollo de las cooperativas de todas las Clases en todo el pa\u00eds.<\/p>\n<p>Tambi\u00e9n es importante para esta tarea por la sostenibilidad del desarrollo en nuestro pa\u00eds, que las cooperativas de vivienda no sean objeto de discriminaci\u00f3n frente a las exoneraciones de IVA, que cuentan las empresas de capital en el sector de la construcci\u00f3n. Por otra parte, pensando en el mediano y largo plazo, es necesario asegurar un mecanismo permanente de financiamiento del Fondo nacional de vivienda.<\/p>\n<p>Por su parte, las cooperativas de ahorro y cr\u00e9dito, deben pasar a ser percibidas como un socio estrat\u00e9gico del Estado para el desarrollo del acceso al financiamiento de los sectores m\u00e1s vulnerables, como alternativa solidaria frente al creciente protagonismo de actores fuertemente especulativos, y el desarrollo informal de sistemas de usura. Esto requiere una revisi\u00f3n del papel del Banco Central del Uruguay respecto a las nuevas exigencias de contralor y reconocer la identidad especial de las cooperativas.<\/p>\n<p>Para el sector de trabajo se necesita la profundizaci\u00f3n de los apoyos financieros que permitan profundizar la profesionalizaci\u00f3n y desarrollo tecnol\u00f3gico de las cooperativas en los sectores industrial y de servicios. En particular, es necesario asegurar la autonom\u00eda de las cooperativas sociales, que se enfrentan a relaciones muy asim\u00e9tricas al ser contratadas por las agencias y organismos del Estado.<\/p>\n<p><strong>Construir un desarrollo sostenible para el pa\u00eds se juega en gran medida por una mayor participaci\u00f3n de las cooperativas en la econom\u00eda nacional, como socias estrat\u00e9gicas en la construcci\u00f3n de un Uruguay m\u00e1s sostenible.<\/strong><\/p>\n","protected":false},"excerpt":{"rendered":"<p>COMUNICADO DE PRENSA El cooperativismo nacional es la mejor palanca para el desarrollo sostenible &nbsp; En el marco de las celebraciones por el d\u00eda internacional de las cooperativas, te invitamos este mi\u00e9rcoles 5 de julio a las 17h a compartir un espacio de reflexi\u00f3n y homenaje en el monumento a Jos\u00e9 Artigas de Plaza Independencia (Montevideo). Estar\u00e1n presentes las autoridades del sector cooperativo quienes realizar\u00e1n en este espacio sus planteos respecto a la necesidad de profundizar el reconocimiento del sector como palanca para el desarrollo sostenible. Uno de los aspectos sustantivos para profundizar la contribuci\u00f3n de las cooperativas al Desarrollo [&#8230;]<\/p>\n","protected":false},"author":27,"featured_media":4142,"comment_status":"open","ping_status":"open","sticky":false,"template":"","format":"standard","meta":{"_acf_changed":false,"ngg_post_thumbnail":0,"footnotes":""},"categories":[7,6,1],"tags":[],"class_list":["post-4141","post","type-post","status-publish","format-standard","has-post-thumbnail","hentry","category-cooperativas","category-institucionales","category-noticias"],"acf":[],"_links":{"self":[{"href":"https:\/\/www.cudecoop.coop\/cudecoop\/wp-json\/wp\/v2\/posts\/4141","targetHints":{"allow":["GET"]}}],"collection":[{"href":"https:\/\/www.cudecoop.coop\/cudecoop\/wp-json\/wp\/v2\/posts"}],"about":[{"href":"https:\/\/www.cudecoop.coop\/cudecoop\/wp-json\/wp\/v2\/types\/post"}],"author":[{"embeddable":true,"href":"https:\/\/www.cudecoop.coop\/cudecoop\/wp-json\/wp\/v2\/users\/27"}],"replies":[{"embeddable":true,"href":"https:\/\/www.cudecoop.coop\/cudecoop\/wp-json\/wp\/v2\/comments?post=4141"}],"version-history":[{"count":1,"href":"https:\/\/www.cudecoop.coop\/cudecoop\/wp-json\/wp\/v2\/posts\/4141\/revisions"}],"predecessor-version":[{"id":4143,"href":"https:\/\/www.cudecoop.coop\/cudecoop\/wp-json\/wp\/v2\/posts\/4141\/revisions\/4143"}],"wp:featuredmedia":[{"embeddable":true,"href":"https:\/\/www.cudecoop.coop\/cudecoop\/wp-json\/wp\/v2\/media\/4142"}],"wp:attachment":[{"href":"https:\/\/www.cudecoop.coop\/cudecoop\/wp-json\/wp\/v2\/media?parent=4141"}],"wp:term":[{"taxonomy":"category","embeddable":true,"href":"https:\/\/www.cudecoop.coop\/cudecoop\/wp-json\/wp\/v2\/categories?post=4141"},{"taxonomy":"post_tag","embeddable":true,"href":"https:\/\/www.cudecoop.coop\/cudecoop\/wp-json\/wp\/v2\/tags?post=4141"}],"curies":[{"name":"wp","href":"https:\/\/api.w.org\/{rel}","templated":true}]}}