{"id":4132,"date":"2023-06-27T18:35:49","date_gmt":"2023-06-27T18:35:49","guid":{"rendered":"http:\/\/www.cudecoop.coop\/cudecoop\/?p=4132"},"modified":"2024-03-18T19:50:46","modified_gmt":"2024-03-18T19:50:46","slug":"comunicado-dia-internacional-de-las-cooperativas-2023","status":"publish","type":"post","link":"https:\/\/www.cudecoop.coop\/cudecoop\/comunicado-dia-internacional-de-las-cooperativas-2023\/","title":{"rendered":"Comunicado D\u00eda internacional de las cooperativas 2023"},"content":{"rendered":"<p>En Uruguay el movimiento cooperativo est\u00e1 comprometido con el desarrollo<br \/>\nsostenible<\/p>\n<p>El pr\u00f3ximo 1 de julio el movimiento cooperativo mundial celebra el D\u00eda Internacional de las Cooperativas de 2023, con el eslogan Cooperativas por el desarrollo sostenible.<\/p>\n<p>Dado que este a\u00f1o se alcanza la mitad del proceso de la aplicaci\u00f3n de la Agenda 2030 para el Desarrollo Sostenible, es oportuno hablar sobre la contribuci\u00f3n que las cooperativas realizan al cumplimiento de los Objetivos del Desarrollo Sostenible (ODS).<\/p>\n<p>En Uruguay cooperativas y sociedades de fomento rural cumplen un rol clave por la sostenibilidad del pa\u00eds. Muchas han sido reconocidas por ser excelentes \u00e1mbitos para el desarrollo laboral, destac\u00e1ndose por sobre otras formas empresariales en sus propios sectores de actividad.<\/p>\n<p>Las cooperativas impactan positivamente en el empleo y los ingresos de las familias y sus comunidades, siendo entidades que resisten mejor las crisis defendiendo los puestos de trabajo, as\u00ed como eficaces instrumentos para la inclusi\u00f3n socio-laboral como es el caso de las cooperativas sociales.<\/p>\n<p>En particular, las cooperativas de trabajo asociado, cooperativas agrarias y sociedades de fomento rural, promueven formas de producci\u00f3n sostenibles, asociando el crecimiento econ\u00f3mico con distribuci\u00f3n de la riqueza generada, trabajo decente, y la mejora de las comunidades en las que se insertan.<\/p>\n<p>El cooperativismo en su conjunto es un factor relevante a la hora de profundizar los procesos distibutivos, democratizando los procesos econ\u00f3micos, promoviendo mayores oportunidades para sus integrantes y las comunidades donde se desarrollan, incluyendo oportunidades de empleo, la inclusi\u00f3n de sectores vulnerables y la mejora de los ingresos de muchas familias.<\/p>\n<p>Las cooperativas de ahorro y cr\u00e9dito, por su parte, apuestan por generar soluciones que tambi\u00e9n se adapten a los sectores con menos acceso al financiamiento, siendo herramientas clave para la inclusi\u00f3n financiera. Adem\u00e1s promueven una educaci\u00f3n financiera orientada por el valor de la responsabilidad, incorporando las finanzas \u00e9ticas como lineamiento general de su accionar.<\/p>\n<p>Tambi\u00e9n son constructoras de igualdad las cooperativas de consumo que trabajan por el acceso al consumo responsable para toda la poblaci\u00f3n, colaborando con la educaci\u00f3n sobre los procesos que implican que los productos lleguen a la mesa de cada familia. Estimulando positivamente la generaci\u00f3n de canales de comercio justo y<br \/>\neconom\u00eda solidaria.<\/p>\n<p>Las cooperativas de vivienda, que facilitan el acceso a la vivienda y a la provisi\u00f3n de las necesidades de las familias asociadas, son potentes factores de democratizaci\u00f3n de las ciudades, constructoras de h\u00e1bitat, desarrollando m\u00faltiples servicios en los lugares donde se asientan, trabajando activamente por la comunidad donde est\u00e1n insertas.<\/p>\n<p>Estas y tantas otras acciones del cooperativismo en el Uruguay son muestras de este compromiso, ligado a nuestra raz\u00f3n de existir.<\/p>\n<p>COOPERATIVISMO = SOSTENIBILIDAD<\/p>\n<p><a href=\"http:\/\/www.cudecoop.coop\/cudecoop\/wp-content\/uploads\/2023\/06\/Comunicado-Coopsday-Cudecoop-2023_v1.pdf\">Descargar comunicado<\/a><\/p>\n","protected":false},"excerpt":{"rendered":"<p>En Uruguay el movimiento cooperativo est\u00e1 comprometido con el desarrollo<br \/> sostenible El pr\u00f3ximo 1 de julio el movimiento cooperativo mundial celebra el D\u00eda Internacional de las Cooperativas de 2023, con el eslogan Cooperativas por el desarrollo sostenible. Dado que este a\u00f1o se alcanza la mitad del proceso de la aplicaci\u00f3n de la Agenda 2030 para el Desarrollo Sostenible, es oportuno hablar sobre la contribuci\u00f3n que las cooperativas realizan al cumplimiento de los Objetivos del Desarrollo Sostenible (ODS). En Uruguay cooperativas y sociedades de fomento rural cumplen un rol clave por la sostenibilidad del pa\u00eds. Muchas han sido reconocidas por [&#8230;]<\/p>\n","protected":false},"author":27,"featured_media":4134,"comment_status":"open","ping_status":"open","sticky":false,"template":"","format":"standard","meta":{"_acf_changed":false,"ngg_post_thumbnail":0,"footnotes":""},"categories":[7,6,1],"tags":[],"class_list":["post-4132","post","type-post","status-publish","format-standard","has-post-thumbnail","hentry","category-cooperativas","category-institucionales","category-noticias"],"acf":[],"_links":{"self":[{"href":"https:\/\/www.cudecoop.coop\/cudecoop\/wp-json\/wp\/v2\/posts\/4132","targetHints":{"allow":["GET"]}}],"collection":[{"href":"https:\/\/www.cudecoop.coop\/cudecoop\/wp-json\/wp\/v2\/posts"}],"about":[{"href":"https:\/\/www.cudecoop.coop\/cudecoop\/wp-json\/wp\/v2\/types\/post"}],"author":[{"embeddable":true,"href":"https:\/\/www.cudecoop.coop\/cudecoop\/wp-json\/wp\/v2\/users\/27"}],"replies":[{"embeddable":true,"href":"https:\/\/www.cudecoop.coop\/cudecoop\/wp-json\/wp\/v2\/comments?post=4132"}],"version-history":[{"count":1,"href":"https:\/\/www.cudecoop.coop\/cudecoop\/wp-json\/wp\/v2\/posts\/4132\/revisions"}],"predecessor-version":[{"id":4135,"href":"https:\/\/www.cudecoop.coop\/cudecoop\/wp-json\/wp\/v2\/posts\/4132\/revisions\/4135"}],"wp:featuredmedia":[{"embeddable":true,"href":"https:\/\/www.cudecoop.coop\/cudecoop\/wp-json\/wp\/v2\/media\/4134"}],"wp:attachment":[{"href":"https:\/\/www.cudecoop.coop\/cudecoop\/wp-json\/wp\/v2\/media?parent=4132"}],"wp:term":[{"taxonomy":"category","embeddable":true,"href":"https:\/\/www.cudecoop.coop\/cudecoop\/wp-json\/wp\/v2\/categories?post=4132"},{"taxonomy":"post_tag","embeddable":true,"href":"https:\/\/www.cudecoop.coop\/cudecoop\/wp-json\/wp\/v2\/tags?post=4132"}],"curies":[{"name":"wp","href":"https:\/\/api.w.org\/{rel}","templated":true}]}}