{"id":4126,"date":"2023-06-23T14:35:59","date_gmt":"2023-06-23T14:35:59","guid":{"rendered":"http:\/\/www.cudecoop.coop\/cudecoop\/?p=4126"},"modified":"2024-03-18T19:51:36","modified_gmt":"2024-03-18T19:51:36","slug":"6to-seminario-nacional-de-derecho-cooperativo","status":"publish","type":"post","link":"https:\/\/www.cudecoop.coop\/cudecoop\/6to-seminario-nacional-de-derecho-cooperativo\/","title":{"rendered":"6to Seminario Nacional de Derecho Cooperativo"},"content":{"rendered":"<p><strong>30 de agosto de 2023<\/strong><\/p>\n<p>El 6to Seminario Nacional de Derecho Cooperativo tendr\u00e1 como objetivo el an\u00e1lisis a la Ley 18.407 y las eventuales propuestas de modificaci\u00f3n y mejora.<\/p>\n<p>Al igual que el proceso que llev\u00f3 a la presentaci\u00f3n del proyecto de la Ley General en el 2004, CUDECOOP viene trabajando en un Comit\u00e9 T\u00e9cnico Pol\u00edtico sobre Cambios Normativos con el fin de intercambiar propuestas y acordar como \u00e1mbito gremial de representaci\u00f3n unas iniciativas legislativas del movimiento cooperativo en su conjunto.<\/p>\n<p>El seminario tendr\u00e1 un espacio de exposici\u00f3n sobre \u201cEl estudio de algunas \u00e1reas cr\u00edticas para la negociaci\u00f3n colectiva en el sector cooperativo\u201d, investigaci\u00f3n realizada por el Instituto Juan Pablo Terra, en coordinaci\u00f3n con la Confederaci\u00f3n.<br \/>\nLuego, se invita a profesionales se invita a profesionales en Derecho; Ciencias Econ\u00f3micas; Ciencias Sociales; otras disciplinas, a que presenten ponencias sobre algunos de los aspectos que abarca la Ley general de cooperativas y sus propuestas de cambios.<\/p>\n<p><strong>A modo enunciativo, se sugieren los siguientes temas<\/strong>:<br \/>\n&#8211; Acto Cooperativo<br \/>\n&#8211; Inclusi\u00f3n de la perspectiva de G\u00e9nero<br \/>\n&#8211; Control democr\u00e1tico, recambio en los \u00f3rganos de direcci\u00f3n<br \/>\n&#8211; Participaci\u00f3n. Aplicabilidad de las asambleas virtuales y Actos electorales<br \/>\n&#8211; Incorporaci\u00f3n de aspectos de econom\u00eda verde y sostenibilidad<br \/>\n&#8211; Identidad y desarrollo<br \/>\n&#8211; Fortalecimiento y diversificaci\u00f3n de fuentes de financiamiento para cooperativas<br \/>\n&#8211; Tributos \u2013 aportes a la Seguridad Social y la actividad cooperativa de los socios<br \/>\n&#8211; Micro-cooperativas de trabajo y emprendedurismo asociativo<br \/>\n&#8211; Intercooperaci\u00f3n<br \/>\n&#8211; TICs y la gesti\u00f3n en las cooperativas<br \/>\n&#8211; Cooperativas de usuarios y trabajadores.<\/p>\n<p>Las ponencias podr\u00e1n ser presentadas en forma individual o colectiva entre varias personas. Se solicita enviar antes del 30 de julio la idea o intenci\u00f3n de presentar la ponencia con el tema elegido y quienes lo realizar\u00e1n.<\/p>\n<p>El correo de recibo es: proregio@cudecoop.coop<\/p>\n<p>Para ver detalles:&nbsp;<a href=\"http:\/\/www.cudecoop.coop\/cudecoop\/wp-content\/uploads\/2023\/06\/6to-Seminario-de-Derecho-Cooperativo_Ponencias-2023-especificaciones.pdf\">especificaciones<\/a><\/p>\n","protected":false},"excerpt":{"rendered":"<p>30 de agosto de 2023 El 6to Seminario Nacional de Derecho Cooperativo tendr\u00e1 como objetivo el an\u00e1lisis a la Ley 18.407 y las eventuales propuestas de modificaci\u00f3n y mejora. Al igual que el proceso que llev\u00f3 a la presentaci\u00f3n del proyecto de la Ley General en el 2004, CUDECOOP viene trabajando en un Comit\u00e9 T\u00e9cnico Pol\u00edtico sobre Cambios Normativos con el fin de intercambiar propuestas y acordar como \u00e1mbito gremial de representaci\u00f3n unas iniciativas legislativas del movimiento cooperativo en su conjunto. El seminario tendr\u00e1 un espacio de exposici\u00f3n sobre \u201cEl estudio de algunas \u00e1reas cr\u00edticas para la negociaci\u00f3n colectiva en [&#8230;]<\/p>\n","protected":false},"author":27,"featured_media":4174,"comment_status":"open","ping_status":"open","sticky":false,"template":"","format":"standard","meta":{"_acf_changed":false,"ngg_post_thumbnail":0,"footnotes":""},"categories":[7,6,1],"tags":[],"class_list":["post-4126","post","type-post","status-publish","format-standard","has-post-thumbnail","hentry","category-cooperativas","category-institucionales","category-noticias"],"acf":[],"_links":{"self":[{"href":"https:\/\/www.cudecoop.coop\/cudecoop\/wp-json\/wp\/v2\/posts\/4126","targetHints":{"allow":["GET"]}}],"collection":[{"href":"https:\/\/www.cudecoop.coop\/cudecoop\/wp-json\/wp\/v2\/posts"}],"about":[{"href":"https:\/\/www.cudecoop.coop\/cudecoop\/wp-json\/wp\/v2\/types\/post"}],"author":[{"embeddable":true,"href":"https:\/\/www.cudecoop.coop\/cudecoop\/wp-json\/wp\/v2\/users\/27"}],"replies":[{"embeddable":true,"href":"https:\/\/www.cudecoop.coop\/cudecoop\/wp-json\/wp\/v2\/comments?post=4126"}],"version-history":[{"count":7,"href":"https:\/\/www.cudecoop.coop\/cudecoop\/wp-json\/wp\/v2\/posts\/4126\/revisions"}],"predecessor-version":[{"id":4175,"href":"https:\/\/www.cudecoop.coop\/cudecoop\/wp-json\/wp\/v2\/posts\/4126\/revisions\/4175"}],"wp:featuredmedia":[{"embeddable":true,"href":"https:\/\/www.cudecoop.coop\/cudecoop\/wp-json\/wp\/v2\/media\/4174"}],"wp:attachment":[{"href":"https:\/\/www.cudecoop.coop\/cudecoop\/wp-json\/wp\/v2\/media?parent=4126"}],"wp:term":[{"taxonomy":"category","embeddable":true,"href":"https:\/\/www.cudecoop.coop\/cudecoop\/wp-json\/wp\/v2\/categories?post=4126"},{"taxonomy":"post_tag","embeddable":true,"href":"https:\/\/www.cudecoop.coop\/cudecoop\/wp-json\/wp\/v2\/tags?post=4126"}],"curies":[{"name":"wp","href":"https:\/\/api.w.org\/{rel}","templated":true}]}}