{"id":1369,"date":"2014-12-08T09:39:00","date_gmt":"2014-12-08T09:39:00","guid":{"rendered":"http:\/\/www.cudecoop.coop\/cudecoop\/?p=1369"},"modified":"2014-12-08T09:39:00","modified_gmt":"2014-12-08T09:39:00","slug":"hoy-realizan-encuentro-de-las-mesas-intercooperativas-para-evaluar-el-anio-y-proyectar-la-educacion-cooperativa-al-2015","status":"publish","type":"post","link":"https:\/\/www.cudecoop.coop\/cudecoop\/hoy-realizan-encuentro-de-las-mesas-intercooperativas-para-evaluar-el-anio-y-proyectar-la-educacion-cooperativa-al-2015\/","title":{"rendered":"Hoy realizan encuentro de las mesas intercooperativas para evaluar el a\u00f1o y proyectar la educaci\u00f3n cooperativa al 2015"},"content":{"rendered":"<p>(Salto, 6 de diciembre, 2014) Hoy s\u00e1bado se realiza en nuestra ciudad, capital del cooperativismo durante el 2014, una actividad organizada por la Mesa Intercooperativa de Salto, CUDECOOP (Confederaci\u00f3n Uruguaya de Entidades Cooperativas) y la INACOOP (Instituto Nacional de  Cooperativas).<\/p>\n<p>Esta actividad consiste en un encuentro de mesas intercooperativas que  har\u00e1n una evaluaci\u00f3n de c\u00f3mo se trabaj\u00f3 este a\u00f1o y las proyecciones para el 2015.<\/p>\n<p>Adem\u00e1s se trabajar\u00e1 en el tema educativo para analizar la forma de desarrollar la educaci\u00f3n cooperativa dentro de la educaci\u00f3n formal ya sea  primaria, secundaria, UTU o Universidad, por lo cual en este tema se trabajar\u00e1 en base a un proyecto que ser\u00e1 analizado por los representantes de las ocho mesas intercooperativas vinculadas a la educaci\u00f3n.<\/p>\n<p>El encuentro se desarrollar\u00e1 en el Colegio Cooperativo Inmaculada Concepci\u00f3n este s\u00e1bado desde la hora 8:30  hasta las 17:00 horas.<\/p>\n<p>Para dar m\u00e1s detalles de esta actividad visitaron la redacci\u00f3n de EL PUEBLO, Juan Claudio Lagaxio y Alberto Esteves, \u00e9ste \u00faltimo ocupa el cargo de Presidente de la CUDECOOP y analiz\u00f3 el crecimiento de las cooperativas en  el pa\u00eds, lo que responde a un crecimiento mundial.<\/p>\n<p>En este sentido dijo que las cooperativas son  una instituci\u00f3n gremial de tercer nivel y en Uruguay se desarrollan desde cooperativas de viviendas, de ahorro y cr\u00e9dito, agrarias, de consumo y de trabajo que se nuclean en federaciones  (instituciones de  segundo nivel) y \u00e9stas a su vez en la CUDECOOP.<\/p>\n<p>EN SALTO HAY  110 COOPERATIVAS<\/p>\n<p>En la actualidad en  Uruguay hay 2640 cooperativas en todas sus modalidades, de las cuales 1600 son de vivienda y 600 de producci\u00f3n o trabajo. En este sentido, Esteves indic\u00f3 que m\u00e1s de un tercio de la poblaci\u00f3n del pa\u00eds est\u00e1 de alguna menara vinculada al cooperativismo.<\/p>\n<p>En el caso de Salto que tiene una tradici\u00f3n cooperativista y la mesa intercooperativa m\u00e1s antigua del pa\u00eds, cuenta con  alrededor de 110 cooperativas, 60 de viviendas, 20 de trabajo, 13 agrarias y muchas sucursales de cooperativas de Montevideo y  otros departamentos.<\/p>\n<p>CONSTITUYEN LA OPCI\u00d3N M\u00c1S ELEGIDA EN EL MUNDO<\/p>\n<p>Un hecho relevante destacado por el Presidente de la CUDECOOP es que \u009dse siguen creando cooperativas\u009d al punto que el crecimiento es mundial, constituyendo una opci\u00f3n muy elegida. Las 300 cooperativas m\u00e1s grandes del mundo representan el producto bruto de un pa\u00eds de s\u00e9ptimo lugar.<br \/>\nLa cooperativa m\u00e1s grande del mundo es una cooperativa textil ubicada en la India.<\/p>\n<p>Esto refleja que las cooperativas vienen siendo la opci\u00f3n elegida y considerada como la m\u00e1s humana por la aplicaci\u00f3n de sus principios cooperativos como la solidaridad, no exclusi\u00f3n, entre otros. Quien participa en  una cooperativa, es due\u00f1o, gestor, obrero, participa en la toma de decisiones y en todas las instancias.<\/p>\n<p>El Presidente de la CUDECOOP dijo tambi\u00e9n que las cooperativas son las que m\u00e1s resisten en \u00e9pocas de crisis, mencionando como caso puntual el de Espa\u00f1a, donde se produce el cierre de m\u00e1s empresas tradicionales frente a las cooperativas.<\/p>\n<p>Fuente: http:\/\/www.diarioelpueblo.com.uy\/<\/p>\n","protected":false},"excerpt":{"rendered":"<p>(Salto, 6 de diciembre, 2014) Hoy s\u00e1bado se realiza en nuestra ciudad, capital del cooperativismo durante el 2014, una actividad organizada por la Mesa Intercooperativa de Salto, CUDECOOP (Confederaci\u00f3n Uruguaya de Entidades Cooperativas) y la INACOOP (Instituto Nacional de  Cooperativas).<\/p>\n","protected":false},"author":1,"featured_media":0,"comment_status":"closed","ping_status":"Open","sticky":false,"template":"","format":"standard","meta":{"_acf_changed":false,"ngg_post_thumbnail":0,"footnotes":""},"categories":[6],"tags":[],"class_list":["post-1369","post","type-post","status-publish","format-standard","hentry","category-institucionales"],"acf":[],"_links":{"self":[{"href":"https:\/\/www.cudecoop.coop\/cudecoop\/wp-json\/wp\/v2\/posts\/1369","targetHints":{"allow":["GET"]}}],"collection":[{"href":"https:\/\/www.cudecoop.coop\/cudecoop\/wp-json\/wp\/v2\/posts"}],"about":[{"href":"https:\/\/www.cudecoop.coop\/cudecoop\/wp-json\/wp\/v2\/types\/post"}],"author":[{"embeddable":true,"href":"https:\/\/www.cudecoop.coop\/cudecoop\/wp-json\/wp\/v2\/users\/1"}],"replies":[{"embeddable":true,"href":"https:\/\/www.cudecoop.coop\/cudecoop\/wp-json\/wp\/v2\/comments?post=1369"}],"version-history":[{"count":0,"href":"https:\/\/www.cudecoop.coop\/cudecoop\/wp-json\/wp\/v2\/posts\/1369\/revisions"}],"wp:attachment":[{"href":"https:\/\/www.cudecoop.coop\/cudecoop\/wp-json\/wp\/v2\/media?parent=1369"}],"wp:term":[{"taxonomy":"category","embeddable":true,"href":"https:\/\/www.cudecoop.coop\/cudecoop\/wp-json\/wp\/v2\/categories?post=1369"},{"taxonomy":"post_tag","embeddable":true,"href":"https:\/\/www.cudecoop.coop\/cudecoop\/wp-json\/wp\/v2\/tags?post=1369"}],"curies":[{"name":"wp","href":"https:\/\/api.w.org\/{rel}","templated":true}]}}