{"id":1366,"date":"2014-05-23T19:25:00","date_gmt":"2014-05-23T19:25:00","guid":{"rendered":"http:\/\/www.cudecoop.coop\/cudecoop\/?p=1366"},"modified":"2014-05-23T19:25:00","modified_gmt":"2014-05-23T19:25:00","slug":"cooperativas-preven-fusiones-ante-ley-que-bancariza-y-discuten-con-mef","status":"publish","type":"post","link":"https:\/\/www.cudecoop.coop\/cudecoop\/cooperativas-preven-fusiones-ante-ley-que-bancariza-y-discuten-con-mef\/","title":{"rendered":"Cooperativas prev\u00e9n fusiones ante ley que bancariza y discuten con MEF"},"content":{"rendered":"<p>Con los cambios que dispone la ley de inclusi\u00f3n financiera, las cooperativas ya piensan en apostar a asociaciones y fusiones para aggiornarse a las nuevas condiciones del mercado. Ayer cruzaron argumentos con el Ministerio de Econom\u00eda<\/p>\n<p>&#8220;No vamos a naufragar. Creemos que es una oportunidad y el movimiento cooperativo est\u00e1 estudiando ir para adelante y buscar asociaciones, fusiones y lugares donde esta expresi\u00f3n diferente de la econom\u00eda y quienes en ella creemos tengamos lugar&#8221;, dijo ayer la presidenta del Centro Cooperativista Uruguayo, Graciela Fern\u00e1ndez, durante una conferencia organizada por CADE.<\/p>\n<p>Consultada por El Pa\u00eds, Fern\u00e1ndez dijo que esa es una de las posibilidades habilitadas, tanto por la ley general de cooperativas como por la de inclusi\u00f3n financiera, aunque prefiri\u00f3 no dar m\u00e1s detalles. &#8220;Entre lo que se puede hacer de ac\u00e1 para adelante, esa es una de las cosas en las que se est\u00e1 pensando. El movimiento cooperativo no est\u00e1 parado como se puede querer&#8221;, afirm\u00f3.<\/p>\n<p>Durante la conferencia, que tambi\u00e9n cont\u00f3 con la presencia del asesor del Ministerio de Econom\u00eda y Finanzas (MEF), Mart\u00edn Vallcorba, el movimiento cooperativo reiter\u00f3 su disconformidad con algunos puntos de la nueva ley, que se entiende las &#8220;debilita&#8221; y las pone en situaci\u00f3n &#8220;compleja&#8221;.<\/p>\n<p>&#8220;Nosotros creemos que esta ley debilita el rol hist\u00f3rico de las cooperativas. No ha respetado en forma suficiente el rol de inclusi\u00f3n financiera y eso se ve claramente en el art\u00edculo 32&#8221;, expres\u00f3 Fern\u00e1ndez a modo de ejemplo.<\/p>\n<p>Este punto -uno de los m\u00e1s cuestionados- cambia el orden de prioridad para efectuar el descuento de sueldos cuando se otorgan cr\u00e9ditos por n\u00f3mina, y pone a las cooperativas en el mismo nivel que los bancos privados. &#8220;El golpe para las cooperativas de ahorro y cr\u00e9dito va a ser fuerte en el tema de las prioridades&#8221;, sostuvo Fern\u00e1ndez.<\/p>\n<p>Luego de presentar los contenidos de la ley y de escuchar a cada uno de las panelistas, Vallcorba pidi\u00f3 un tiempo extra para responder a algunos de los argumentos que le hab\u00edan precedido.<\/p>\n<p>Comenz\u00f3 por valorar que las cooperativas &#8220;miren para adelante&#8221; y no sigan &#8220;ancladas en lo pasado&#8221;.<\/p>\n<p>&#8220;Estamos convencidos que esta ley no va a provocar ning\u00fan naufragio&#8221;, asegur\u00f3. El asesor del MEF enfatiz\u00f3 en que el gobierno ha mostrado &#8220;decisi\u00f3n&#8221; en apoyar al movimiento cooperativo, pero remarc\u00f3 que ese apoyo no puede ir &#8220;en perjuicio de los uruguayos&#8221;.<\/p>\n<p>&#8220;Por ejemplo, si las dificultades que tenemos en cuanto a la posibilidad de dar cr\u00e9ditos baratos es el fondeo, la soluci\u00f3n tiene que pasar por buscar mecanismos y alternativas que faciliten el fondeo y no trasladar el costo de ese fondeo a los cooperativistas que es a los que debemos beneficiar&#8221;, afirm\u00f3.<\/p>\n<p>Otro de los puntos cuestionados es el aumento del m\u00ednimo intangible. La ley establece que al momento de hacerse efectivos los descuentos para el cobro de los cr\u00e9ditos contra cobro de sueldo, ninguna persona podr\u00e1 percibir por concepto de retribuci\u00f3n salarial o pasividad una cantidad de dinero inferior al 30% del monto nominal, una vez deducidos los impuestos a las rentas y las contribuciones especiales de seguridad social. Ese porcentaje se elevar\u00e1 a 35% en 2015, a 40% en 2016, a 45% en 2017 y a 50% en 2018.<\/p>\n<p>Vallcorba defendi\u00f3 este punto. &#8220;La ley es muy prudente y gradual. Se dan cuatro a\u00f1os para que todas las partes, cooperativas y trabajadores puedan ir adapt\u00e1ndose&#8221;, afirm\u00f3.<\/p>\n<p>En otro punto de su alocuci\u00f3n el asesor del MEF destac\u00f3 que la ley &#8220;transforma sustancialmente&#8221; el funcionamiento de pago del sistema financiero, porque &#8220;no se est\u00e1 conforme&#8221; en c\u00f3mo funciona actualmente.<\/p>\n<p>&#8220;Es una ley que ataca el status quo, sin ninguna duda y que provoca transformaciones muy importantes. No es suficiente, por ejemplo, el aporte que ha hecho el movimiento cooperativo en t\u00e9rminos de inclusi\u00f3n financiera. Hay mucho m\u00e1s por hacer&#8221;, afirm\u00f3.<\/p>\n<p>En su presentaci\u00f3n, Vallcorba destac\u00f3 que la ley &#8220;ataca en el coraz\u00f3n a los problemas de competencia&#8221; en el sistema financiero. &#8220;Es claro que estamos generando competencia para los bancos, para que mejoren los servicios que le brindan a la poblaci\u00f3n&#8221;, sostuvo.<br \/>\n&#8220;El efecto AFAP&#8221;.<\/p>\n<p>Por su parte, el director ejecutivo de la Asociaci\u00f3n de Bancos Privados (ABPU), Jorge Ottavianelli, destac\u00f3 que para lograr buenos resultados ser\u00e1 clave la &#8220;educaci\u00f3n financiera&#8221;. Adem\u00e1s, defini\u00f3 como esencial que se consideren los potenciales riesgos que se agregan al sistema financiero para que se puedan &#8220;mitigar&#8221;.<\/p>\n<p>El ejecutivo reconoci\u00f3 que la ley &#8220;abre oportunidades&#8221; para los bancos y puso como ejemplo, el impulso al desarrollo de productos de baja penetraci\u00f3n, como las tarjetas de d\u00e9bito y la incorporaci\u00f3n de los asalariados que est\u00e1n fuera del sistema bancario.<\/p>\n<p>No obstante, subray\u00f3 que se plantean algunas &#8220;potenciales&#8221; amenazas como los emisores dinero electr\u00f3nico y la p\u00e9rdida de negocios por el cobro que se realiza a las empresas para administrar las cuentas salario de los trabajadores.<\/p>\n<p>En este sentido, asegur\u00f3 que la posibilidad de que el trabajador elija en qu\u00e9 banco cobrar su salario puede llevar a lo que defini\u00f3 como &#8220;el efecto AFAP&#8221;, una competencia &#8220;descarnada&#8221; entre instituciones financieras por tratar de &#8220;robar&#8221; potenciales clientes. Adem\u00e1s, Ottavianelli advirti\u00f3 que puede haber costos que pueden &#8220;hacer inviable el negocio&#8221;, como los de las nuevas cuentas de sueldos y los relacionados a la extensi\u00f3n de las redes para implementar el nuevo sistema. &#8220;Son cosas que hay que negociar para ver si se pueden absorber&#8221;, dijo.<\/p>\n<p>La ley prev\u00e9 que las cuentas bancarias para el pago de salarios y pasividades no tengan costo de apertura, mantenimiento ni saldo m\u00ednimo, y que puedan hacerse hasta cinco extracciones y ocho transferencias sin costo al mes por titular.<br \/>\nClaves de la ley de inclusi\u00f3n<\/p>\n<p>Una de las claves de la ley de inclusi\u00f3n financiera es que el pago de salarios, beneficios sociales, nuevas jubilaciones y honorarios profesionales se deber\u00e1 realizar de forma obligatoria, a trav\u00e9s de cuentas bancarias utilizando tarjetas de d\u00e9bito o mediante el uso de dinero electr\u00f3nico (tarjetas prepagas).<\/p>\n<p>Las cuentas de n\u00f3mina (cobro de sueldo) se podr\u00e1n habilitar en bancos o en emisoras de dinero electr\u00f3nico (redes de pago) y permiten al trabajador acceder a cr\u00e9dito con descuento de su salario (tiene un inter\u00e9s menor que cualquier otro cr\u00e9dito).<\/p>\n<p>Desde el 1\u00b0 de agosto, las compras con tarjeta de d\u00e9bito o tarjeta prepaga pagar\u00e1n un IVA de 18% (tasa b\u00e1sica) y 6% (tasa m\u00ednima).<br \/>\nTRES ARGUMENTOS<br \/>\nMart\u00edn Vallcorba &#8211; Asesor del MEF<\/p>\n<p>El objetivo de la ley que promueve el gobierno es mejorar el acceso de la poblaci\u00f3n a servicios financieros (ahorro y cr\u00e9dito b\u00e1sicamente), reducir la utilizaci\u00f3n del dinero en efectivo como medio de pago, rebajar el IVA y fomentar una mayor formalizaci\u00f3n de toda la econom\u00eda.<br \/>\nSantiago P\u00e9rez del Castillo &#8211; Abogado laboralista<\/p>\n<p>El especialista en derecho laboral dijo que la ley &#8220;es prudente&#8221;. Adem\u00e1s, se\u00f1al\u00f3 que los cr\u00e9ditos de n\u00f3mina son &#8220;una manera simp\u00e1tica&#8221; de inclusi\u00f3n financiera y de &#8220;combate a la pobreza en la medida que la gente le pierda el miedo a manejarse&#8221; con ellos.<br \/>\nJorge Bergalli &#8211; Colegio de Contadores<\/p>\n<p>Sostuvo que la ley no hace referencia a la supervisi\u00f3n de procesos tecnol\u00f3gicos y protecci\u00f3n del secreto bancario o de datos de las personas que manejen dinero electr\u00f3nico. Adem\u00e1s, considero que los instituciones que sean emisores de dinero electr\u00f3nico no tienen ninguna ventaja.<\/p>\n<p>Fuente: http:\/\/www.elpais.com.uy\/economia\/finanzas\/cooperativas-preven-fusiones-ley-que.html<\/p>\n","protected":false},"excerpt":{"rendered":"<p>Con los cambios que dispone la ley de inclusi\u00f3n financiera, las cooperativas ya piensan en apostar a asociaciones y fusiones para aggiornarse a las nuevas condiciones del mercado. Ayer cruzaron argumentos con el Ministerio de Econom\u00eda<\/p>\n","protected":false},"author":1,"featured_media":0,"comment_status":"closed","ping_status":"Open","sticky":false,"template":"","format":"standard","meta":{"_acf_changed":false,"ngg_post_thumbnail":0,"footnotes":""},"categories":[6],"tags":[],"class_list":["post-1366","post","type-post","status-publish","format-standard","hentry","category-institucionales"],"acf":[],"_links":{"self":[{"href":"https:\/\/www.cudecoop.coop\/cudecoop\/wp-json\/wp\/v2\/posts\/1366","targetHints":{"allow":["GET"]}}],"collection":[{"href":"https:\/\/www.cudecoop.coop\/cudecoop\/wp-json\/wp\/v2\/posts"}],"about":[{"href":"https:\/\/www.cudecoop.coop\/cudecoop\/wp-json\/wp\/v2\/types\/post"}],"author":[{"embeddable":true,"href":"https:\/\/www.cudecoop.coop\/cudecoop\/wp-json\/wp\/v2\/users\/1"}],"replies":[{"embeddable":true,"href":"https:\/\/www.cudecoop.coop\/cudecoop\/wp-json\/wp\/v2\/comments?post=1366"}],"version-history":[{"count":0,"href":"https:\/\/www.cudecoop.coop\/cudecoop\/wp-json\/wp\/v2\/posts\/1366\/revisions"}],"wp:attachment":[{"href":"https:\/\/www.cudecoop.coop\/cudecoop\/wp-json\/wp\/v2\/media?parent=1366"}],"wp:term":[{"taxonomy":"category","embeddable":true,"href":"https:\/\/www.cudecoop.coop\/cudecoop\/wp-json\/wp\/v2\/categories?post=1366"},{"taxonomy":"post_tag","embeddable":true,"href":"https:\/\/www.cudecoop.coop\/cudecoop\/wp-json\/wp\/v2\/tags?post=1366"}],"curies":[{"name":"wp","href":"https:\/\/api.w.org\/{rel}","templated":true}]}}