{"id":1363,"date":"2014-05-06T16:19:00","date_gmt":"2014-05-06T16:19:00","guid":{"rendered":"http:\/\/www.cudecoop.coop\/cudecoop\/?p=1363"},"modified":"2014-05-06T16:19:00","modified_gmt":"2014-05-06T16:19:00","slug":"cooperativismo-y-comercio-justo-en-la-sema-criolla-de-la-rural-del-prado","status":"publish","type":"post","link":"https:\/\/www.cudecoop.coop\/cudecoop\/cooperativismo-y-comercio-justo-en-la-sema-criolla-de-la-rural-del-prado\/","title":{"rendered":"Cooperativismo y Comercio Justo en la Sema Criolla de la Rural del Prado"},"content":{"rendered":"<p>Comercio Justo Uruguay ha finalizado una actividad a la que calific\u00f3 de &#8220;muy buena&#8221; en la Semana Criolla de la Rural del Prado.<\/p>\n<p>En ese marco se realizaron dos talleres: la presentaci\u00f3n de Comercio Justo Uruguay a representantes de Uruguay XXIy el jueves se realiz\u00f3 una presentaci\u00f3n muy interesante de la cooperativa Coopima, donde los cooperativistas proyectaron un video de su cooperativa con todo el proceso de producci\u00f3n, adem\u00e1s de brindar una charla muy interesante, contestaron preguntas y repartieron material informativo.<\/p>\n<p>Participaron de este taller varios legisladores lo que result\u00f3 productivo pues los compa\u00f1eros de la cooperativa pudieron explicar a los representantes del gobierno sus trabas para seguir autogestionando la cooperativa.  Por otro lado, tambi\u00e9n se cont\u00f3 con la presencia de la cooperativa del &#8220;Molino Santa Rosa&#8221;. El p\u00fablico se mostr\u00f3 muy interesado por sus productos. La Diaria y el semanario Brecha tambi\u00e9n estuvieron presentes con publicaciones y material obsequi\u00e1ndolo al p\u00fablico presente.<\/p>\n<p>La Presidenta Comercio Justo Uruguay, Zulma Perdomo, se\u00f1al\u00f3 que desde Comercio Justo Uruguay &#8220;seguiremos buscando nuevos espacios no s\u00f3lo de comercializaci\u00f3n, sino tambi\u00e9n de promoci\u00f3n de &#8220;Otra Econom\u00eda Posible&#8221;, para todos los emprendimientos en uni\u00f3n con la Coordinadora de Econom\u00eda Solidaria de Uruguay.&#8221;<\/p>\n","protected":false},"excerpt":{"rendered":"<p>Comercio Justo Uruguay ha finalizado una actividad a la que calific\u00f3 de &#8220;muy buena&#8221; en la Semana Criolla de la Rural del Prado.<\/p>\n","protected":false},"author":1,"featured_media":1602,"comment_status":"closed","ping_status":"Open","sticky":false,"template":"","format":"standard","meta":{"_acf_changed":false,"ngg_post_thumbnail":0,"footnotes":""},"categories":[6],"tags":[],"class_list":["post-1363","post","type-post","status-publish","format-standard","has-post-thumbnail","hentry","category-institucionales"],"acf":[],"_links":{"self":[{"href":"https:\/\/www.cudecoop.coop\/cudecoop\/wp-json\/wp\/v2\/posts\/1363","targetHints":{"allow":["GET"]}}],"collection":[{"href":"https:\/\/www.cudecoop.coop\/cudecoop\/wp-json\/wp\/v2\/posts"}],"about":[{"href":"https:\/\/www.cudecoop.coop\/cudecoop\/wp-json\/wp\/v2\/types\/post"}],"author":[{"embeddable":true,"href":"https:\/\/www.cudecoop.coop\/cudecoop\/wp-json\/wp\/v2\/users\/1"}],"replies":[{"embeddable":true,"href":"https:\/\/www.cudecoop.coop\/cudecoop\/wp-json\/wp\/v2\/comments?post=1363"}],"version-history":[{"count":0,"href":"https:\/\/www.cudecoop.coop\/cudecoop\/wp-json\/wp\/v2\/posts\/1363\/revisions"}],"wp:featuredmedia":[{"embeddable":true,"href":"https:\/\/www.cudecoop.coop\/cudecoop\/wp-json\/wp\/v2\/media\/1602"}],"wp:attachment":[{"href":"https:\/\/www.cudecoop.coop\/cudecoop\/wp-json\/wp\/v2\/media?parent=1363"}],"wp:term":[{"taxonomy":"category","embeddable":true,"href":"https:\/\/www.cudecoop.coop\/cudecoop\/wp-json\/wp\/v2\/categories?post=1363"},{"taxonomy":"post_tag","embeddable":true,"href":"https:\/\/www.cudecoop.coop\/cudecoop\/wp-json\/wp\/v2\/tags?post=1363"}],"curies":[{"name":"wp","href":"https:\/\/api.w.org\/{rel}","templated":true}]}}