{"id":697,"date":"2018-03-06T13:24:01","date_gmt":"2018-03-06T13:24:01","guid":{"rendered":"http:\/\/www.cudecoop.coop\/cudecoop\/?p=697"},"modified":"2018-03-12T20:42:29","modified_gmt":"2018-03-12T20:42:29","slug":"iv-encuentro-nacional-de-cooperativas","status":"publish","type":"post","link":"http:\/\/www.cudecoop.coop\/cudecoop\/iv-encuentro-nacional-de-cooperativas\/","title":{"rendered":"4to Encuentro Nacional de Cooperativas"},"content":{"rendered":"<p>En el marco del a\u00f1o del 30 aniversario de la Confederaci\u00f3n, se llevar\u00e1 a cabo en Montevideo, el 4to Encuentro Nacional de Cooperativas.&nbsp;&nbsp;<\/p>\n<p>El encuentro se desarrollar\u00e1 en la ciudad de Montevideo bajo el t\u00edtulo 4to&nbsp;<span style=\"font-size: 1rem;\">Encuentro Nacional de Cooperativas &#8220;Miguel Cardozo&#8221;&nbsp;<\/span><span style=\"font-size: 1rem;\">Desaf\u00edos del cooperativismo uruguayo hacia el 2030.<\/span><\/p>\n<p>En el msimo se trabajar\u00e1 con los siguientes ejes tem\u00e1ticos:&nbsp;<\/p>\n<p>&#8211;&gt; Cambios sociales y econ\u00f3micos a largo plazo y nuevas oportunidades para la&nbsp;cooperaci\u00f3n<\/p>\n<p>&#8211;&gt; Los&nbsp;Objetivos&nbsp;de Desarrollo Sostenibles de las Naciones Unidas y como&nbsp;contribuyen a las cooperativas al desarrollo sostenible del Uruguay<\/p>\n<p>&#8211;&gt; Hacia una pol\u00edtica de estado para la Econom\u00eda Social<\/p>\n<p>El primer d\u00eda del encuentro se destinar\u00e1 a trabajos sectoriales de Juventud, G\u00e9nero y Educadores del cooperativismo.&nbsp;<\/p>\n<p>Este evento se enmarca tambi\u00e9n en que este a\u00f1o se espera se declare Montevideo Capital del Cooperativismo.<\/p>\n<p>&nbsp;<\/p>\n","protected":false},"excerpt":{"rendered":"<p>En el marco del a\u00f1o del 30 aniversario de la Confederaci\u00f3n, se llevar\u00e1 a cabo en Montevideo, el 4to Encuentro Nacional de Cooperativas.&nbsp;&nbsp; El encuentro se desarrollar\u00e1 en la ciudad de Montevideo bajo el t\u00edtulo 4to&nbsp;Encuentro Nacional de Cooperativas &#8220;Miguel Cardozo&#8221;&nbsp;Desaf\u00edos del cooperativismo uruguayo hacia el 2030. En el msimo se trabajar\u00e1 con los siguientes ejes tem\u00e1ticos:&nbsp; &#8211;&gt; Cambios sociales y econ\u00f3micos a largo plazo y nuevas oportunidades para la&nbsp;cooperaci\u00f3n &#8211;&gt; Los&nbsp;Objetivos&nbsp;de Desarrollo Sostenibles de las Naciones Unidas y como&nbsp;contribuyen a las cooperativas al desarrollo sostenible del Uruguay &#8211;&gt; Hacia una pol\u00edtica de estado para la Econom\u00eda Social El primer [&#8230;]<\/p>\n","protected":false},"author":27,"featured_media":698,"comment_status":"open","ping_status":"open","sticky":false,"template":"","format":"standard","meta":{"_acf_changed":false,"ngg_post_thumbnail":0,"footnotes":""},"categories":[6,1],"tags":[],"class_list":["post-697","post","type-post","status-publish","format-standard","has-post-thumbnail","hentry","category-institucionales","category-noticias"],"acf":[],"_links":{"self":[{"href":"http:\/\/www.cudecoop.coop\/cudecoop\/wp-json\/wp\/v2\/posts\/697","targetHints":{"allow":["GET"]}}],"collection":[{"href":"http:\/\/www.cudecoop.coop\/cudecoop\/wp-json\/wp\/v2\/posts"}],"about":[{"href":"http:\/\/www.cudecoop.coop\/cudecoop\/wp-json\/wp\/v2\/types\/post"}],"author":[{"embeddable":true,"href":"http:\/\/www.cudecoop.coop\/cudecoop\/wp-json\/wp\/v2\/users\/27"}],"replies":[{"embeddable":true,"href":"http:\/\/www.cudecoop.coop\/cudecoop\/wp-json\/wp\/v2\/comments?post=697"}],"version-history":[{"count":3,"href":"http:\/\/www.cudecoop.coop\/cudecoop\/wp-json\/wp\/v2\/posts\/697\/revisions"}],"predecessor-version":[{"id":724,"href":"http:\/\/www.cudecoop.coop\/cudecoop\/wp-json\/wp\/v2\/posts\/697\/revisions\/724"}],"wp:featuredmedia":[{"embeddable":true,"href":"http:\/\/www.cudecoop.coop\/cudecoop\/wp-json\/wp\/v2\/media\/698"}],"wp:attachment":[{"href":"http:\/\/www.cudecoop.coop\/cudecoop\/wp-json\/wp\/v2\/media?parent=697"}],"wp:term":[{"taxonomy":"category","embeddable":true,"href":"http:\/\/www.cudecoop.coop\/cudecoop\/wp-json\/wp\/v2\/categories?post=697"},{"taxonomy":"post_tag","embeddable":true,"href":"http:\/\/www.cudecoop.coop\/cudecoop\/wp-json\/wp\/v2\/tags?post=697"}],"curies":[{"name":"wp","href":"https:\/\/api.w.org\/{rel}","templated":true}]}}