{"id":606,"date":"2017-12-05T18:40:14","date_gmt":"2017-12-05T18:40:14","guid":{"rendered":"http:\/\/www.cudecoop.coop\/cudecoop\/?p=606"},"modified":"2017-12-15T18:40:45","modified_gmt":"2017-12-15T18:40:45","slug":"nuevas-oportunidades-entre-los-estudiantes-y-el-movimiento-cooperativo","status":"publish","type":"post","link":"http:\/\/www.cudecoop.coop\/cudecoop\/nuevas-oportunidades-entre-los-estudiantes-y-el-movimiento-cooperativo\/","title":{"rendered":"Nuevas oportunidades entre los estudiantes y el movimiento cooperativo"},"content":{"rendered":"<p>El Consejo de Educaci\u00f3n T\u00e9cnico Profesional CETP-UTU, el Instituto Nacional del Cooperativismo INACOOP, la Confederaci\u00f3n Uruguaya de Entidades Cooperativas CUDECOOP y la Federaci\u00f3n de Cooperativas de Producci\u00f3n FCPU firmaron un convenio que estimula la realizaci\u00f3n de pasant\u00edas curriculares remuneradas de estudiantes de UTU en cooperativas de trabajo vinculadas a la FCPU as\u00ed como tambi\u00e9n podr\u00e1n realizarse en el INACOOP y en CUDECOOP.<\/p>\n<p>A partir de la firma de este convenio cualquier estudiante de UTU, previamente inscripto en el registro de UTU, podr\u00e1 realizar la pr\u00e1ctica profesional.<\/p>\n<p>La instrumentaci\u00f3n del convenio se realiza a trav\u00e9s del registro que UTU va a promocionar entre el estudiantado, en el que se anotar\u00e1n los interesados a partiricipar. Dicho registro estar\u00e1 a disposici\u00f3n de las cooperativas.<\/p>\n<p>El tiempo de duraci\u00f3n de las pasant\u00edas ser\u00e1n de com\u00fan acuerdo entre pasante y la cooperativa, pudi\u00e9ndose realizar acuerdos de que lleven pocas horas de trabajo a meses. La remuneraci\u00f3n ser\u00e1 de acuerdo a la legislaci\u00f3n vigente en materia de pasant\u00edas.<\/p>\n","protected":false},"excerpt":{"rendered":"<p>El Consejo de Educaci\u00f3n T\u00e9cnico Profesional CETP-UTU, el Instituto Nacional del Cooperativismo INACOOP, la Confederaci\u00f3n Uruguaya de Entidades Cooperativas CUDECOOP y la Federaci\u00f3n de Cooperativas de Producci\u00f3n FCPU firmaron un convenio que estimula la realizaci\u00f3n de pasant\u00edas curriculares remuneradas de estudiantes de UTU en cooperativas de trabajo vinculadas a la FCPU as\u00ed como tambi\u00e9n podr\u00e1n realizarse en el INACOOP y en CUDECOOP. A partir de la firma de este convenio cualquier estudiante de UTU, previamente inscripto en el registro de UTU, podr\u00e1 realizar la pr\u00e1ctica profesional. La instrumentaci\u00f3n del convenio se realiza a trav\u00e9s del registro que UTU va a [&#8230;]<\/p>\n","protected":false},"author":27,"featured_media":494,"comment_status":"open","ping_status":"open","sticky":false,"template":"","format":"standard","meta":{"_acf_changed":false,"ngg_post_thumbnail":0,"footnotes":""},"categories":[7,6,1],"tags":[],"class_list":["post-606","post","type-post","status-publish","format-standard","has-post-thumbnail","hentry","category-cooperativas","category-institucionales","category-noticias"],"acf":[],"_links":{"self":[{"href":"http:\/\/www.cudecoop.coop\/cudecoop\/wp-json\/wp\/v2\/posts\/606","targetHints":{"allow":["GET"]}}],"collection":[{"href":"http:\/\/www.cudecoop.coop\/cudecoop\/wp-json\/wp\/v2\/posts"}],"about":[{"href":"http:\/\/www.cudecoop.coop\/cudecoop\/wp-json\/wp\/v2\/types\/post"}],"author":[{"embeddable":true,"href":"http:\/\/www.cudecoop.coop\/cudecoop\/wp-json\/wp\/v2\/users\/27"}],"replies":[{"embeddable":true,"href":"http:\/\/www.cudecoop.coop\/cudecoop\/wp-json\/wp\/v2\/comments?post=606"}],"version-history":[{"count":1,"href":"http:\/\/www.cudecoop.coop\/cudecoop\/wp-json\/wp\/v2\/posts\/606\/revisions"}],"predecessor-version":[{"id":607,"href":"http:\/\/www.cudecoop.coop\/cudecoop\/wp-json\/wp\/v2\/posts\/606\/revisions\/607"}],"wp:featuredmedia":[{"embeddable":true,"href":"http:\/\/www.cudecoop.coop\/cudecoop\/wp-json\/wp\/v2\/media\/494"}],"wp:attachment":[{"href":"http:\/\/www.cudecoop.coop\/cudecoop\/wp-json\/wp\/v2\/media?parent=606"}],"wp:term":[{"taxonomy":"category","embeddable":true,"href":"http:\/\/www.cudecoop.coop\/cudecoop\/wp-json\/wp\/v2\/categories?post=606"},{"taxonomy":"post_tag","embeddable":true,"href":"http:\/\/www.cudecoop.coop\/cudecoop\/wp-json\/wp\/v2\/tags?post=606"}],"curies":[{"name":"wp","href":"https:\/\/api.w.org\/{rel}","templated":true}]}}