{"id":599,"date":"2017-12-15T16:44:25","date_gmt":"2017-12-15T16:44:25","guid":{"rendered":"http:\/\/www.cudecoop.coop\/cudecoop\/?p=599"},"modified":"2017-12-15T16:44:25","modified_gmt":"2017-12-15T16:44:25","slug":"sembrando-oportunidades","status":"publish","type":"post","link":"http:\/\/www.cudecoop.coop\/cudecoop\/sembrando-oportunidades\/","title":{"rendered":"Sembrando oportunidades"},"content":{"rendered":"<p>A partir de una serie de demandas que tienen planteadas las Cooperativas Agrarias Federadas las cuales se vinculan directamente con el Ministerio de Industria, Energ\u00eda y Miner\u00eda, MIEM, el lunes 18 de diciembre tendremos la oportunidad de realizar el planteo a la Ministra.<\/p>\n<p>Entre las inquietudes que se plantear\u00e1n se encuentra la posibilidad de participar de la Ley de inversiones; la adecuaci\u00f3n de la pol\u00edtica energ\u00e9tica al sector; entre otros asuntos.<\/p>\n","protected":false},"excerpt":{"rendered":"<p>A partir de una serie de demandas que tienen planteadas las Cooperativas Agrarias Federadas las cuales se vinculan directamente con el Ministerio de Industria, Energ\u00eda y Miner\u00eda, MIEM, el lunes 18 de diciembre tendremos la oportunidad de realizar el planteo a la Ministra. Entre las inquietudes que se plantear\u00e1n se encuentra la posibilidad de participar de la Ley de inversiones; la adecuaci\u00f3n de la pol\u00edtica energ\u00e9tica al sector; entre otros [&#8230;]<\/p>\n","protected":false},"author":27,"featured_media":600,"comment_status":"open","ping_status":"open","sticky":false,"template":"","format":"standard","meta":{"_acf_changed":false,"ngg_post_thumbnail":0,"footnotes":""},"categories":[6,1],"tags":[],"class_list":["post-599","post","type-post","status-publish","format-standard","has-post-thumbnail","hentry","category-institucionales","category-noticias"],"acf":[],"_links":{"self":[{"href":"http:\/\/www.cudecoop.coop\/cudecoop\/wp-json\/wp\/v2\/posts\/599","targetHints":{"allow":["GET"]}}],"collection":[{"href":"http:\/\/www.cudecoop.coop\/cudecoop\/wp-json\/wp\/v2\/posts"}],"about":[{"href":"http:\/\/www.cudecoop.coop\/cudecoop\/wp-json\/wp\/v2\/types\/post"}],"author":[{"embeddable":true,"href":"http:\/\/www.cudecoop.coop\/cudecoop\/wp-json\/wp\/v2\/users\/27"}],"replies":[{"embeddable":true,"href":"http:\/\/www.cudecoop.coop\/cudecoop\/wp-json\/wp\/v2\/comments?post=599"}],"version-history":[{"count":1,"href":"http:\/\/www.cudecoop.coop\/cudecoop\/wp-json\/wp\/v2\/posts\/599\/revisions"}],"predecessor-version":[{"id":601,"href":"http:\/\/www.cudecoop.coop\/cudecoop\/wp-json\/wp\/v2\/posts\/599\/revisions\/601"}],"wp:featuredmedia":[{"embeddable":true,"href":"http:\/\/www.cudecoop.coop\/cudecoop\/wp-json\/wp\/v2\/media\/600"}],"wp:attachment":[{"href":"http:\/\/www.cudecoop.coop\/cudecoop\/wp-json\/wp\/v2\/media?parent=599"}],"wp:term":[{"taxonomy":"category","embeddable":true,"href":"http:\/\/www.cudecoop.coop\/cudecoop\/wp-json\/wp\/v2\/categories?post=599"},{"taxonomy":"post_tag","embeddable":true,"href":"http:\/\/www.cudecoop.coop\/cudecoop\/wp-json\/wp\/v2\/tags?post=599"}],"curies":[{"name":"wp","href":"https:\/\/api.w.org\/{rel}","templated":true}]}}