{"id":575,"date":"2017-12-14T15:20:33","date_gmt":"2017-12-14T15:20:33","guid":{"rendered":"http:\/\/www.cudecoop.coop\/cudecoop\/?p=575"},"modified":"2017-12-14T15:20:33","modified_gmt":"2017-12-14T15:20:33","slug":"nuevos-llamados-a-entidades-de-capacitacion-procoop","status":"publish","type":"post","link":"http:\/\/www.cudecoop.coop\/cudecoop\/nuevos-llamados-a-entidades-de-capacitacion-procoop\/","title":{"rendered":"Nuevos llamados a Entidades de Capacitaci\u00f3n &#8211; PROCOOP"},"content":{"rendered":"<div>\n<div class=\"wsw\">\n<p>En el marco del programa PROCOOP -convenio INACOOP\/INEFOP- se realizan diferentes llamados a entidades de capacitaci\u00f3n (ECA) y\/o consultores para la realizaci\u00f3n de distintas capacitaciones:<\/p>\n<p><a href=\"http:\/\/files.inacoop.org.uy\/200001646-854de86436\/COOPLAN_imnstalador%20Steel%20Framing.pdf\" target=\"_blank\" rel=\"noopener\">Capacitaci\u00f3n en la tem\u00e1tica de Instalador <em>Steel Framing<\/em>, a realizarse en el departamento de R\u00edo Negro en la localidad de Young.<\/a><\/p>\n<p><strong>Cierre: 25 de diciembre de 2017\u00a0<\/strong><\/p>\n<p><a href=\"http:\/\/files.inacoop.org.uy\/200001647-21abe22a54\/COOSORCA_Sanitaria%20y%20electrofusi%C3%B3n.pdf\" target=\"_blank\" rel=\"noopener\">Capacitaci\u00f3n en la tem\u00e1tica de Sanitaria y Electrofusi\u00f3n, a realizarse en el departamento de Rocha en la localidad de Rocha.\u00a0<\/a><\/p>\n<p><a href=\"http:\/\/files.inacoop.org.uy\/200001648-d4612d55b9\/EL%20PANAL_serigraf%C3%ADa%20en%20tela.pdf\" target=\"_blank\" rel=\"noopener\">Capacitaci\u00f3n en la tem\u00e1tica de<em>\u00a0<\/em>Serigraf\u00eda en tela, a realizarse en el departamento de Canelones en la localidad de Las Piedras.<\/a><\/p>\n<p><a href=\"http:\/\/files.inacoop.org.uy\/200001649-c4c1dc5bad\/EL%20SUE%C3%91O_panificaci%C3%B3n%2C%20reposter%C3%ADa%2C%20confiter%C3%ADa.pdf\" target=\"_blank\" rel=\"noopener\">Capacitaci\u00f3n en la tem\u00e1tica de Panificaci\u00f3n, Reposter\u00eda y Confiter\u00eda, a realizarse en el departamento de Durazno en la localidad de Sarand\u00ed del Yi.<\/a><\/p>\n<p><a href=\"http:\/\/files.inacoop.org.uy\/200001650-c7adcc8a84\/LAS%20GAVIOTAS_plan%20de%20negocios%2C%20an%C3%A1lisis%20de%20planta%20y%20valoraci%C3%B3n%20de%20productos.pdf\" target=\"_blank\" rel=\"noopener\">Asistencia t\u00e9cnica en la tem\u00e1tica de Plan de negocios, An\u00e1lisis de layout\/planta y Valoraci\u00f3n de productos, a realizarse en el departamento de Salto en la localidad de Salto<\/a>.<\/p>\n<p><a href=\"http:\/\/files.inacoop.org.uy\/200001651-c5b96c6b38\/MORGANA_mantenimiento%20y%20reparaci%C3%B3n%20de%20maquinaria%20textil.pdf\" target=\"_blank\" rel=\"noopener\">Capacitaci\u00f3n en la tem\u00e1tica de Mantenimiento y reparaci\u00f3n de maquinaria textil, a realizarse en el departamento de Paysand\u00fa\u00a0 en la localidad de Paysand\u00fa<\/a>.<\/p>\n<p><a href=\"http:\/\/files.inacoop.org.uy\/200001652-c5b81c6b25\/MORGANA_perfeccionamiento%20del%20proceso%20de%20producci%C3%B3n.pdf\" target=\"_blank\" rel=\"noopener\">Asistencia t\u00e9cnica en la tem\u00e1tica de Perfeccionamiento del proceso, del producto y del sistema productivo, a realizarse en el departamento de Paysand\u00fa \u00a0en la localidad de Paysand\u00fa.<\/a><\/p>\n<p><a href=\"http:\/\/files.inacoop.org.uy\/200001653-c6b42c7ac4\/UNIDOS%20POR%20LA%20CLASIFICACI%C3%93N_an%C3%A1lisis%20de%20planta%20y%20valoraci%C3%B3n%20de%20productos.pdf\" target=\"_blank\" rel=\"noopener\">Asistencia t\u00e9cnica en la tem\u00e1tica de An\u00e1lisis de layout\/planta y Valoraci\u00f3n de productos, a realizarse en el departamento de Paysand\u00fa en la localidad de Paysand\u00fa.<\/a><\/p>\n<p>&nbsp;<\/p>\n<p><strong>Cierre: 26 de diciembre de 2017\u00a0<\/strong><\/p>\n<p>&nbsp;<\/p>\n<p>Estos llamados son abiertos, teniendo prioridad las ECAs, profesionales, t\u00e9cnicos o id\u00f3neos previamente del registro PROCOOP.<\/p>\n<p>Las propuestas deber\u00e1n ser enviadas v\u00eda mail a: procoop@inacoop.org.uy<\/p>\n<p>Por m\u00e1s informaci\u00f3n: www.inacoop.org.uy<\/p>\n<p>Por consultas: procoop@inacoop.org.uy<\/p>\n<\/div>\n<\/div>\n","protected":false},"excerpt":{"rendered":"<p>En el marco del programa PROCOOP -convenio INACOOP\/INEFOP- se realizan diferentes llamados a entidades de capacitaci\u00f3n (ECA) y\/o consultores para la realizaci\u00f3n de distintas capacitaciones: Capacitaci\u00f3n en la tem\u00e1tica de Instalador Steel Framing, a realizarse en el departamento de R\u00edo Negro en la localidad de Young. Cierre: 25 de diciembre de 2017\u00a0 Capacitaci\u00f3n en la tem\u00e1tica de Sanitaria y Electrofusi\u00f3n, a realizarse en el departamento de Rocha en la localidad de Rocha.\u00a0 Capacitaci\u00f3n en la tem\u00e1tica de\u00a0Serigraf\u00eda en tela, a realizarse en el departamento de Canelones en la localidad de Las Piedras. Capacitaci\u00f3n en la tem\u00e1tica de Panificaci\u00f3n, Reposter\u00eda y [&#8230;]<\/p>\n","protected":false},"author":27,"featured_media":452,"comment_status":"open","ping_status":"open","sticky":false,"template":"","format":"standard","meta":{"_acf_changed":false,"ngg_post_thumbnail":0,"footnotes":""},"categories":[7,6,1],"tags":[],"class_list":["post-575","post","type-post","status-publish","format-standard","has-post-thumbnail","hentry","category-cooperativas","category-institucionales","category-noticias"],"acf":[],"_links":{"self":[{"href":"http:\/\/www.cudecoop.coop\/cudecoop\/wp-json\/wp\/v2\/posts\/575","targetHints":{"allow":["GET"]}}],"collection":[{"href":"http:\/\/www.cudecoop.coop\/cudecoop\/wp-json\/wp\/v2\/posts"}],"about":[{"href":"http:\/\/www.cudecoop.coop\/cudecoop\/wp-json\/wp\/v2\/types\/post"}],"author":[{"embeddable":true,"href":"http:\/\/www.cudecoop.coop\/cudecoop\/wp-json\/wp\/v2\/users\/27"}],"replies":[{"embeddable":true,"href":"http:\/\/www.cudecoop.coop\/cudecoop\/wp-json\/wp\/v2\/comments?post=575"}],"version-history":[{"count":1,"href":"http:\/\/www.cudecoop.coop\/cudecoop\/wp-json\/wp\/v2\/posts\/575\/revisions"}],"predecessor-version":[{"id":576,"href":"http:\/\/www.cudecoop.coop\/cudecoop\/wp-json\/wp\/v2\/posts\/575\/revisions\/576"}],"wp:featuredmedia":[{"embeddable":true,"href":"http:\/\/www.cudecoop.coop\/cudecoop\/wp-json\/wp\/v2\/media\/452"}],"wp:attachment":[{"href":"http:\/\/www.cudecoop.coop\/cudecoop\/wp-json\/wp\/v2\/media?parent=575"}],"wp:term":[{"taxonomy":"category","embeddable":true,"href":"http:\/\/www.cudecoop.coop\/cudecoop\/wp-json\/wp\/v2\/categories?post=575"},{"taxonomy":"post_tag","embeddable":true,"href":"http:\/\/www.cudecoop.coop\/cudecoop\/wp-json\/wp\/v2\/tags?post=575"}],"curies":[{"name":"wp","href":"https:\/\/api.w.org\/{rel}","templated":true}]}}