{"id":558,"date":"2017-12-08T16:02:37","date_gmt":"2017-12-08T16:02:37","guid":{"rendered":"http:\/\/www.cudecoop.coop\/cudecoop\/?p=558"},"modified":"2018-10-30T14:33:22","modified_gmt":"2018-10-30T14:33:22","slug":"4to-encuentro","status":"publish","type":"post","link":"http:\/\/www.cudecoop.coop\/cudecoop\/4to-encuentro\/","title":{"rendered":"Resultados y materiales del 4to Encuentro Nacional de Cooperativas &#8220;Miguel Cardozo&#8221;"},"content":{"rendered":"<p>Con un n\u00famero de inscripciones que llegaron a las casi 500 personas, el evento se desarroll\u00f3 durante los d\u00edas 23 y 24 de agosto en la ciudad de Montevideo y fue el m\u00e1s importante para la definici\u00f3n pol\u00edtico estrat\u00e9gica del cooperativisimo uruguayo hacia el futuro.&nbsp; &nbsp;<\/p>\n<p>Les dejamos aqu\u00ed la declaraci\u00f3n final del Encuentro que fue le\u00edda por el Comit\u00e9 Ejecutivo de la Confederaci\u00f3n el viernes 24 de agosto&nbsp;&nbsp;<\/p>\n<p><a href=\"http:\/\/www.cudecoop.coop\/cudecoop\/wp-content\/uploads\/2017\/12\/4to_Encuentro_Declaraci\u00f3n_final-1.pdf\">4to_Encuentro_Declaraci\u00f3n_final<\/a><\/p>\n<p>Aqu\u00ed puede ver la inauguraci\u00f3n del Encuentro y el momento en que se declara al Dr. Ariel Guarco ciudadano ilustre de la ciudad de Montevideo.<\/p>\n<p><iframe loading=\"lazy\" title=\"4to Encuentro Nacional de Cooperativas - Acto de apertura\" width=\"525\" height=\"295\" src=\"https:\/\/www.youtube.com\/embed\/WkzTQcWqHhE?start=259&#038;feature=oembed\" frameborder=\"0\" allow=\"accelerometer; autoplay; clipboard-write; encrypted-media; gyroscope; picture-in-picture; web-share\" referrerpolicy=\"strict-origin-when-cross-origin\" allowfullscreen><\/iframe><\/p>\n<p>Dejamos con ustedes tambi\u00e9n el acceso a la publicaci\u00f3n que contiene todos los materiales te\u00f3ricos de los Ejes sobre los que se trabaj\u00f3 durante los dos d\u00edas:&nbsp;<\/p>\n<p><a href=\"http:\/\/www.cudecoop.coop\/cudecoop\/wp-content\/uploads\/2018\/08\/Publicaci\u00f3n_4EncuentroCoop_2018.pdf\">Publicaci\u00f3n_4EncuentroCoop_2018<\/a><\/p>\n<p><a href=\"http:\/\/www.cudecoop.coop\/cudecoop\/wp-content\/uploads\/2017\/12\/Cudecoop_IVencuentro_Librillo-AyC_Interior.pdf\">Cudecoop_IVencuentro_Librillo AyC_Interior<\/a><\/p>\n<p>Tambi\u00e9n dejamos el link al video que se realiz\u00f3 durante los d\u00edas del Encuentro con la declaraci\u00f3n de cooperativistas que asistieron:&nbsp;<\/p>\n<p><iframe loading=\"lazy\" title=\"Cooperativistas en el 4to Encuentro Nacional de Cooperativas\" width=\"525\" height=\"295\" src=\"https:\/\/www.youtube.com\/embed\/DBkOACiuowQ?feature=oembed\" frameborder=\"0\" allow=\"accelerometer; autoplay; clipboard-write; encrypted-media; gyroscope; picture-in-picture; web-share\" referrerpolicy=\"strict-origin-when-cross-origin\" allowfullscreen><\/iframe><\/p>\n<p>Se cont\u00f3 con destacados expositores, espacios de trabajo, y encuentros sectoriales, que giraron entorno a los siguientes ejes:&nbsp;<\/p>\n<p>\u2013&gt; Cambios sociales y econ\u00f3micos a largo plazo y nuevas oportunidades para la&nbsp;cooperaci\u00f3n<\/p>\n<p>\u2013&gt; Los&nbsp;Objetivos&nbsp;de Desarrollo Sostenibles de las Naciones Unidas y como&nbsp;contribuyen a las cooperativas al desarrollo sostenible del Uruguay<\/p>\n<p>\u2013&gt; Hacia una pol\u00edtica de estado para la Econom\u00eda Social<\/p>\n<p>&nbsp;<\/p>\n<p>Organiz\u00f3: Confederaci\u00f3n Uruguaya de Entidades Cooperativas (CUDECOOP) e Intendencia de Montevideo<\/p>\n<p>Apoy\u00f3: Instituto Nacional del Cooperativismo (INACOOP)<\/p>\n<p>Colabor\u00f3: Instituto Nacional de Empleo y Formaci\u00f3n Profesional (INEFOP)<\/p>\n<p>Evento declarado de inter\u00e9s por los siguientes ministerios: Trabajo y Seguridad Social -MTSS-,&nbsp; Educaci\u00f3n y Cultura -MEC-&nbsp; Industria, Energ\u00eda y Miner\u00eda &#8211; MIEM-, y Desarrollo Social, MIDES.<\/p>\n","protected":false},"excerpt":{"rendered":"<p>Estrenamos sitio web<\/p>\n","protected":false},"author":27,"featured_media":2047,"comment_status":"open","ping_status":"open","sticky":false,"template":"","format":"standard","meta":{"_acf_changed":false,"ngg_post_thumbnail":0,"footnotes":""},"categories":[7,6,1],"tags":[],"class_list":["post-558","post","type-post","status-publish","format-standard","has-post-thumbnail","hentry","category-cooperativas","category-institucionales","category-noticias"],"acf":[],"_links":{"self":[{"href":"http:\/\/www.cudecoop.coop\/cudecoop\/wp-json\/wp\/v2\/posts\/558","targetHints":{"allow":["GET"]}}],"collection":[{"href":"http:\/\/www.cudecoop.coop\/cudecoop\/wp-json\/wp\/v2\/posts"}],"about":[{"href":"http:\/\/www.cudecoop.coop\/cudecoop\/wp-json\/wp\/v2\/types\/post"}],"author":[{"embeddable":true,"href":"http:\/\/www.cudecoop.coop\/cudecoop\/wp-json\/wp\/v2\/users\/27"}],"replies":[{"embeddable":true,"href":"http:\/\/www.cudecoop.coop\/cudecoop\/wp-json\/wp\/v2\/comments?post=558"}],"version-history":[{"count":18,"href":"http:\/\/www.cudecoop.coop\/cudecoop\/wp-json\/wp\/v2\/posts\/558\/revisions"}],"predecessor-version":[{"id":2108,"href":"http:\/\/www.cudecoop.coop\/cudecoop\/wp-json\/wp\/v2\/posts\/558\/revisions\/2108"}],"wp:featuredmedia":[{"embeddable":true,"href":"http:\/\/www.cudecoop.coop\/cudecoop\/wp-json\/wp\/v2\/media\/2047"}],"wp:attachment":[{"href":"http:\/\/www.cudecoop.coop\/cudecoop\/wp-json\/wp\/v2\/media?parent=558"}],"wp:term":[{"taxonomy":"category","embeddable":true,"href":"http:\/\/www.cudecoop.coop\/cudecoop\/wp-json\/wp\/v2\/categories?post=558"},{"taxonomy":"post_tag","embeddable":true,"href":"http:\/\/www.cudecoop.coop\/cudecoop\/wp-json\/wp\/v2\/tags?post=558"}],"curies":[{"name":"wp","href":"https:\/\/api.w.org\/{rel}","templated":true}]}}