{"id":5555,"date":"2026-04-30T19:27:44","date_gmt":"2026-04-30T22:27:44","guid":{"rendered":"https:\/\/www.cudecoop.coop\/cudecoop\/?p=5555"},"modified":"2026-04-30T19:27:44","modified_gmt":"2026-04-30T22:27:44","slug":"1-de-mayo-dia-internacional-de-los-trabajadores-y-trabajadoras","status":"publish","type":"post","link":"http:\/\/www.cudecoop.coop\/cudecoop\/1-de-mayo-dia-internacional-de-los-trabajadores-y-trabajadoras\/","title":{"rendered":"1\u00b0 de mayo &#8211; D\u00eda Internacional de los trabajadores y trabajadoras"},"content":{"rendered":"<p>En un contexto de transformaciones constantes el cooperativismo uruguayo reafirma en este D\u00eda de los trabajadores y trabajadoras su vigencia como herramienta para construir un pa\u00eds m\u00e1s fuerte, solidario y sostenible.<\/p>\n<p>La declaraci\u00f3n de 2025 como A\u00f1o Internacional de las Cooperativas no fue un punto de llegada, sino un impulso para consolidar al cooperativismo como actor estrat\u00e9gico en la sociedad.<\/p>\n<p>En Uruguay, las cooperativas sostienen la vida cotidiana de miles de personas. Lo hacen generando empleo de calidad, promoviendo la inversi\u00f3n local, fortaleciendo el entramado productivo y priorizando a las personas por sobre el capital.<\/p>\n<p>Desde la Confederaci\u00f3n Uruguaya de Entidades Cooperativas (Cudecoop), reafirmamos nuestro rol como expresi\u00f3n de la sociedad civil y como interlocutor v\u00e1lido en el di\u00e1logo social y pol\u00edtico. La gremialidad cooperativa es, en este sentido, una herramienta clave: permite articular demandas, construir propuestas colectivas y defender un modelo que pone en el centro el trabajo digno, la democracia y la solidaridad.<\/p>\n<p>Los m\u00e1s de 29.000 puestos de trabajo generados por el sector dan cuenta de un movimiento que construye futuro.<\/p>\n<p>En esta fecha, el cooperativismo uruguayo renueva su compromiso de seguir siendo parte de las soluciones. Proponemos profundizar la articulaci\u00f3n con el Estado y con el conjunto de la sociedad, para avanzar en pol\u00edticas p\u00fablicas que reconozcan y potencien nuestro aporte en \u00e1reas clave como el acceso a la vivienda, los cuidados, la salud, el cr\u00e9dito, la producci\u00f3n de alimentos y la transici\u00f3n hacia modelos m\u00e1s sostenibles.<\/p>\n<p>En este 1\u00ba de mayo, reafirmamos tambi\u00e9n que no hay trabajo digno sin condiciones de respeto y convivencia. Ante hechos recientes de violencia que afectaron a trabajadores de la Uni\u00f3n Cooperativa Obrera del Transporte (UCOT), el movimiento cooperativo expresa su solidaridad con el trabajador afectado y con toda la comunidad.<\/p>\n<p>Rechazamos toda forma de agresi\u00f3n, dentro y fuera del sector, y acompa\u00f1amos la posici\u00f3n asumida por la organizaci\u00f3n de la cooperativa que, ha se\u00f1alado con claridad la necesidad de no naturalizar estas situaciones. La defensa del trabajo implica tambi\u00e9n cuidar a quienes lo hacen posible, promoviendo \u00e1mbitos laborales seguros y libres de violencia.<\/p>\n<p>Cuando el trabajo se organiza colectivamente, no solo sostiene la vida: tambi\u00e9n transforma la realidad. Este es el camino que elegimos y que vamos a seguir, todos los d\u00edas, en la construcci\u00f3n de un Uruguay con oportunidades para todas y todos.<\/p>\n<p><a href=\"http:\/\/www.cudecoop.coop\/cudecoop\/wp-content\/uploads\/2026\/04\/Comunicado_1_de_Mayo_2026.pdf\">Comunicado_1_de_Mayo_2026<\/a>&nbsp;&nbsp;&nbsp;&nbsp;&nbsp;&nbsp;&nbsp;&nbsp;&nbsp;&nbsp;&nbsp;&nbsp;&nbsp;&nbsp;&nbsp;&nbsp;&nbsp;&nbsp; &nbsp;&nbsp;&nbsp;&nbsp;&nbsp;&nbsp;&nbsp;&nbsp;&nbsp;&nbsp;<\/p>\n","protected":false},"excerpt":{"rendered":"<p>En un contexto de transformaciones constantes el cooperativismo uruguayo reafirma en este D\u00eda de los trabajadores y trabajadoras su vigencia como herramienta para construir un pa\u00eds m\u00e1s fuerte, solidario y sostenible. La declaraci\u00f3n de 2025 como A\u00f1o Internacional de las Cooperativas no fue un punto de llegada, sino un impulso para consolidar al cooperativismo como actor estrat\u00e9gico en la sociedad. En Uruguay, las cooperativas sostienen la vida cotidiana de miles de personas. Lo hacen generando empleo de calidad, promoviendo la inversi\u00f3n local, fortaleciendo el entramado productivo y priorizando a las personas por sobre el capital. Desde la Confederaci\u00f3n Uruguaya de [&#8230;]<\/p>\n","protected":false},"author":27,"featured_media":5556,"comment_status":"open","ping_status":"open","sticky":false,"template":"","format":"standard","meta":{"_acf_changed":false,"ngg_post_thumbnail":0,"footnotes":""},"categories":[7,6,1],"tags":[12],"class_list":["post-5555","post","type-post","status-publish","format-standard","has-post-thumbnail","hentry","category-cooperativas","category-institucionales","category-noticias","tag-destacada"],"acf":[],"_links":{"self":[{"href":"http:\/\/www.cudecoop.coop\/cudecoop\/wp-json\/wp\/v2\/posts\/5555","targetHints":{"allow":["GET"]}}],"collection":[{"href":"http:\/\/www.cudecoop.coop\/cudecoop\/wp-json\/wp\/v2\/posts"}],"about":[{"href":"http:\/\/www.cudecoop.coop\/cudecoop\/wp-json\/wp\/v2\/types\/post"}],"author":[{"embeddable":true,"href":"http:\/\/www.cudecoop.coop\/cudecoop\/wp-json\/wp\/v2\/users\/27"}],"replies":[{"embeddable":true,"href":"http:\/\/www.cudecoop.coop\/cudecoop\/wp-json\/wp\/v2\/comments?post=5555"}],"version-history":[{"count":1,"href":"http:\/\/www.cudecoop.coop\/cudecoop\/wp-json\/wp\/v2\/posts\/5555\/revisions"}],"predecessor-version":[{"id":5558,"href":"http:\/\/www.cudecoop.coop\/cudecoop\/wp-json\/wp\/v2\/posts\/5555\/revisions\/5558"}],"wp:featuredmedia":[{"embeddable":true,"href":"http:\/\/www.cudecoop.coop\/cudecoop\/wp-json\/wp\/v2\/media\/5556"}],"wp:attachment":[{"href":"http:\/\/www.cudecoop.coop\/cudecoop\/wp-json\/wp\/v2\/media?parent=5555"}],"wp:term":[{"taxonomy":"category","embeddable":true,"href":"http:\/\/www.cudecoop.coop\/cudecoop\/wp-json\/wp\/v2\/categories?post=5555"},{"taxonomy":"post_tag","embeddable":true,"href":"http:\/\/www.cudecoop.coop\/cudecoop\/wp-json\/wp\/v2\/tags?post=5555"}],"curies":[{"name":"wp","href":"https:\/\/api.w.org\/{rel}","templated":true}]}}