{"id":5552,"date":"2026-04-30T14:18:53","date_gmt":"2026-04-30T17:18:53","guid":{"rendered":"https:\/\/www.cudecoop.coop\/cudecoop\/?p=5552"},"modified":"2026-04-30T14:18:53","modified_gmt":"2026-04-30T17:18:53","slug":"30-de-abril-dia-de-los-trabajadores-y-trabajadoras-rurales","status":"publish","type":"post","link":"http:\/\/www.cudecoop.coop\/cudecoop\/30-de-abril-dia-de-los-trabajadores-y-trabajadoras-rurales\/","title":{"rendered":"30 de abril &#8211; D\u00eda de los trabajadores y trabajadoras rurales"},"content":{"rendered":"<p>En el D\u00eda de los trabajadores y trabajadoras rurales desde Cudecoop saludamos y reconocemos a quienes sostienen d\u00eda a d\u00eda el trabajo en el campo, haciendo posible la producci\u00f3n de alimentos, el cuidado de la tierra y la vida en nuestras comunidades.<br \/>\nEsta fecha, que se conmemora desde 2013 seg\u00fan lo establecido por la Ley N\u00b0 19.000, es una oportunidad para visibilizar el esfuerzo, la dedicaci\u00f3n y el rol fundamental que cumplen en el desarrollo del pa\u00eds.<br \/>\nHoy reafirmamos el compromiso de seguir construyendo, desde el cooperativismo, un futuro donde el trabajo rural sea valorado, protegido y protagonista.<\/p>\n","protected":false},"excerpt":{"rendered":"<p>En el D\u00eda de los trabajadores y trabajadoras rurales desde Cudecoop saludamos y reconocemos a quienes sostienen d\u00eda a d\u00eda el trabajo en el campo, haciendo posible la producci\u00f3n de alimentos, el cuidado de la tierra y la vida en nuestras comunidades.<br \/> Esta fecha, que se conmemora desde 2013 seg\u00fan lo establecido por la Ley N\u00b0 19.000, es una oportunidad para visibilizar el esfuerzo, la dedicaci\u00f3n y el rol fundamental que cumplen en el desarrollo del pa\u00eds.<br \/> Hoy reafirmamos el compromiso de seguir construyendo, desde el cooperativismo, un futuro donde el trabajo rural sea valorado, protegido y [&#8230;]<\/p>\n","protected":false},"author":27,"featured_media":5553,"comment_status":"open","ping_status":"open","sticky":false,"template":"","format":"standard","meta":{"_acf_changed":false,"ngg_post_thumbnail":0,"footnotes":""},"categories":[7,6,1],"tags":[],"class_list":["post-5552","post","type-post","status-publish","format-standard","has-post-thumbnail","hentry","category-cooperativas","category-institucionales","category-noticias"],"acf":[],"_links":{"self":[{"href":"http:\/\/www.cudecoop.coop\/cudecoop\/wp-json\/wp\/v2\/posts\/5552","targetHints":{"allow":["GET"]}}],"collection":[{"href":"http:\/\/www.cudecoop.coop\/cudecoop\/wp-json\/wp\/v2\/posts"}],"about":[{"href":"http:\/\/www.cudecoop.coop\/cudecoop\/wp-json\/wp\/v2\/types\/post"}],"author":[{"embeddable":true,"href":"http:\/\/www.cudecoop.coop\/cudecoop\/wp-json\/wp\/v2\/users\/27"}],"replies":[{"embeddable":true,"href":"http:\/\/www.cudecoop.coop\/cudecoop\/wp-json\/wp\/v2\/comments?post=5552"}],"version-history":[{"count":1,"href":"http:\/\/www.cudecoop.coop\/cudecoop\/wp-json\/wp\/v2\/posts\/5552\/revisions"}],"predecessor-version":[{"id":5554,"href":"http:\/\/www.cudecoop.coop\/cudecoop\/wp-json\/wp\/v2\/posts\/5552\/revisions\/5554"}],"wp:featuredmedia":[{"embeddable":true,"href":"http:\/\/www.cudecoop.coop\/cudecoop\/wp-json\/wp\/v2\/media\/5553"}],"wp:attachment":[{"href":"http:\/\/www.cudecoop.coop\/cudecoop\/wp-json\/wp\/v2\/media?parent=5552"}],"wp:term":[{"taxonomy":"category","embeddable":true,"href":"http:\/\/www.cudecoop.coop\/cudecoop\/wp-json\/wp\/v2\/categories?post=5552"},{"taxonomy":"post_tag","embeddable":true,"href":"http:\/\/www.cudecoop.coop\/cudecoop\/wp-json\/wp\/v2\/tags?post=5552"}],"curies":[{"name":"wp","href":"https:\/\/api.w.org\/{rel}","templated":true}]}}