{"id":5549,"date":"2026-04-30T13:07:30","date_gmt":"2026-04-30T16:07:30","guid":{"rendered":"https:\/\/www.cudecoop.coop\/cudecoop\/?p=5549"},"modified":"2026-04-30T13:08:21","modified_gmt":"2026-04-30T16:08:21","slug":"integracion-e-intercambio-con-cooperativas-de-lavalleja","status":"publish","type":"post","link":"http:\/\/www.cudecoop.coop\/cudecoop\/integracion-e-intercambio-con-cooperativas-de-lavalleja\/","title":{"rendered":"Integraci\u00f3n e intercambio con cooperativas de Lavalleja"},"content":{"rendered":"<p><span style=\"font-size: 1rem;\">El 17 de abril, en instalaciones de la Intendencia de Lavalleja, se llev\u00f3 a cabo el primer encuentro de integraci\u00f3n e intercambio con cooperativas del Departamento.&nbsp;<\/span><\/p>\n<div dir=\"auto\">\n<p>La actividad estuvo a cargo Hugo Monta\u00f1o, presidente de la Confederaci\u00f3n Uruguaya de Entidades Cooperativas (Cudecoop); Ismael Castellanos,vicepresidente 2do; Eduardo Yocco, Director del \u00c1rea de Desarrollo de la Intendencia de Lavalleja; Alicia Kuster, coordinadora del Programa de Desarrollo Cooperativo Territorial y cont\u00f3 con la participaci\u00f3n de m\u00e1s de 50 cooperativistas de todas las clases cooperativas del Departamento que, en formato h\u00edbrido, se hicieron presentes con el objetivo de dar a conocer las experiencias de las cooperativas de la zona.<\/p>\n<p>Durante el intercambio se identificaron diversos desaf\u00edos que ser\u00e1n el puntapi\u00e9 inicial de trabajo, apostando a la articulaci\u00f3n de la Mesa Intercooperativa de Maldonado junto a las Federaciones socias de Cudecoop, el Insituto Nacional del Cooperativismo (Inacoop), la Direcci\u00f3n Nacional de Aresan\u00edas, Peque\u00f1as y Medianas Empresas (Dinapyme) e Intendencia de Lavalleja y otras organizaciones vinculadas, con la intenci\u00f3n de lograr formalizar una Mesa Intercooperativa Departamental en el correr de este 2026.&nbsp;<\/p>\n<p>Con el fin de atender las necesidades, se propone informar y difundir las herramientas del movimiento cooperativo y del Inacoop con mayor acompa\u00f1amiento en cercan\u00eda.<\/p>\n<p>Se propuso organizar reuniones tem\u00e1ticas con referentes del movimiento cooperativo; planificar talleres, promover el Programa de Formaci\u00f3n Cooperativa Procoop y se acord\u00f3&nbsp; llevar informacion sobre normativas y sensibilizacion sobre gesti\u00f3n de conflictos. Adem\u00e1s, se propuso brindar asesoramiento a cooperativas que est\u00e1n iniciando tr\u00e1mites y trabajar en pos de fortalecer las redes intercooperativas.<\/p>\n<p>Durante las pr\u00f3ximas semanas se continuar\u00e1 trabajando para lograr mayor organizaci\u00f3n e incidencia colectiva.<\/p>\n<\/div>\n<div dir=\"auto\">&nbsp;<\/div>\n","protected":false},"excerpt":{"rendered":"<p>El 17 de abril, en instalaciones de la Intendencia de Lavalleja, se llev\u00f3 a cabo el primer encuentro de integraci\u00f3n e intercambio con cooperativas del Departamento.&nbsp; La actividad estuvo a cargo Hugo Monta\u00f1o, presidente de la Confederaci\u00f3n Uruguaya de Entidades Cooperativas (Cudecoop); Ismael Castellanos,vicepresidente 2do; Eduardo Yocco, Director del \u00c1rea de Desarrollo de la Intendencia de Lavalleja; Alicia Kuster, coordinadora del Programa de Desarrollo Cooperativo Territorial y cont\u00f3 con la participaci\u00f3n de m\u00e1s de 50 cooperativistas de todas las clases cooperativas del Departamento que, en formato h\u00edbrido, se hicieron presentes con el objetivo de dar a conocer las experiencias de [&#8230;]<\/p>\n","protected":false},"author":27,"featured_media":5551,"comment_status":"open","ping_status":"open","sticky":false,"template":"","format":"standard","meta":{"_acf_changed":false,"ngg_post_thumbnail":0,"footnotes":""},"categories":[7,6,1],"tags":[],"class_list":["post-5549","post","type-post","status-publish","format-standard","has-post-thumbnail","hentry","category-cooperativas","category-institucionales","category-noticias"],"acf":[],"_links":{"self":[{"href":"http:\/\/www.cudecoop.coop\/cudecoop\/wp-json\/wp\/v2\/posts\/5549","targetHints":{"allow":["GET"]}}],"collection":[{"href":"http:\/\/www.cudecoop.coop\/cudecoop\/wp-json\/wp\/v2\/posts"}],"about":[{"href":"http:\/\/www.cudecoop.coop\/cudecoop\/wp-json\/wp\/v2\/types\/post"}],"author":[{"embeddable":true,"href":"http:\/\/www.cudecoop.coop\/cudecoop\/wp-json\/wp\/v2\/users\/27"}],"replies":[{"embeddable":true,"href":"http:\/\/www.cudecoop.coop\/cudecoop\/wp-json\/wp\/v2\/comments?post=5549"}],"version-history":[{"count":1,"href":"http:\/\/www.cudecoop.coop\/cudecoop\/wp-json\/wp\/v2\/posts\/5549\/revisions"}],"predecessor-version":[{"id":5550,"href":"http:\/\/www.cudecoop.coop\/cudecoop\/wp-json\/wp\/v2\/posts\/5549\/revisions\/5550"}],"wp:featuredmedia":[{"embeddable":true,"href":"http:\/\/www.cudecoop.coop\/cudecoop\/wp-json\/wp\/v2\/media\/5551"}],"wp:attachment":[{"href":"http:\/\/www.cudecoop.coop\/cudecoop\/wp-json\/wp\/v2\/media?parent=5549"}],"wp:term":[{"taxonomy":"category","embeddable":true,"href":"http:\/\/www.cudecoop.coop\/cudecoop\/wp-json\/wp\/v2\/categories?post=5549"},{"taxonomy":"post_tag","embeddable":true,"href":"http:\/\/www.cudecoop.coop\/cudecoop\/wp-json\/wp\/v2\/tags?post=5549"}],"curies":[{"name":"wp","href":"https:\/\/api.w.org\/{rel}","templated":true}]}}