{"id":5252,"date":"2025-09-17T15:39:01","date_gmt":"2025-09-17T18:39:01","guid":{"rendered":"https:\/\/www.cudecoop.coop\/cudecoop\/?p=5252"},"modified":"2025-09-17T15:40:31","modified_gmt":"2025-09-17T18:40:31","slug":"ciclo-de-talleres-virtuales-gestion-con-experiencia-buenas-practicas-cooperativas","status":"publish","type":"post","link":"http:\/\/www.cudecoop.coop\/cudecoop\/ciclo-de-talleres-virtuales-gestion-con-experiencia-buenas-practicas-cooperativas\/","title":{"rendered":"Ciclo de talleres virtuales Gesti\u00f3n con experiencia: buenas pr\u00e1cticas cooperativas"},"content":{"rendered":"<p><span style=\"font-weight: 400;\">Desde el Programa de Desarrollo Cooperativo Territorial invitamos a cooperativistas de todo el pa\u00eds a participar de un espacio de intercambio sobre gesti\u00f3n cooperativa. En este primer encuentro nos acompa\u00f1an integrantes de la Cooperativa Agraria de Dolores (Cadol) y el laboratorio industrial Colaveco de Colonia.<\/span><\/p>\n<p><span style=\"font-weight: 800;\">Temas a trabajar<\/span><span style=\"font-weight: 400;\">:&nbsp;<\/span><\/p>\n<p><span style=\"font-weight: 400;\">1- Relacionamiento Gerencia\/Consejo Directivo&nbsp;<\/span><\/p>\n<p><span style=\"font-weight: 400;\">2- \u00bfC\u00f3mo aplicamos los principios de inversi\u00f3n responsable en una cooperativa agroalimentaria?<\/span><\/p>\n<p>Jueves 18 de setiembre &#8211; 19:00 hs.&nbsp;<\/p>\n<div>\n<p>V\u00eda Zoom: conectate haciendo clic <a href=\"https:\/\/us02web.zoom.us\/j\/88444947471?pwd=aM1VgaIKDwmYUZLmW3PwBabtOthcB0.1\">aqu\u00ed<\/a><\/p>\n<div>&nbsp;<\/div>\n<div>\n<div><b>Actividad virtual, abierta y gratuita.<\/b><\/div>\n<\/div>\n<\/div>\n","protected":false},"excerpt":{"rendered":"<p>Desde el Programa de Desarrollo Cooperativo Territorial invitamos a cooperativistas de todo el pa\u00eds a participar de un espacio de intercambio sobre gesti\u00f3n cooperativa. En este primer encuentro nos acompa\u00f1an integrantes de la Cooperativa Agraria de Dolores (Cadol) y el laboratorio industrial Colaveco de Colonia. Temas a trabajar:&nbsp; 1- Relacionamiento Gerencia\/Consejo Directivo&nbsp; 2- \u00bfC\u00f3mo aplicamos los principios de inversi\u00f3n responsable en una cooperativa agroalimentaria? Jueves 18 de setiembre &#8211; 19:00 hs.&nbsp; V\u00eda Zoom: conectate haciendo clic aqu\u00ed &nbsp; Actividad virtual, abierta y [&#8230;]<\/p>\n","protected":false},"author":27,"featured_media":5253,"comment_status":"open","ping_status":"open","sticky":false,"template":"","format":"standard","meta":{"_acf_changed":false,"ngg_post_thumbnail":0,"footnotes":""},"categories":[7,6,1],"tags":[],"class_list":["post-5252","post","type-post","status-publish","format-standard","has-post-thumbnail","hentry","category-cooperativas","category-institucionales","category-noticias"],"acf":[],"_links":{"self":[{"href":"http:\/\/www.cudecoop.coop\/cudecoop\/wp-json\/wp\/v2\/posts\/5252","targetHints":{"allow":["GET"]}}],"collection":[{"href":"http:\/\/www.cudecoop.coop\/cudecoop\/wp-json\/wp\/v2\/posts"}],"about":[{"href":"http:\/\/www.cudecoop.coop\/cudecoop\/wp-json\/wp\/v2\/types\/post"}],"author":[{"embeddable":true,"href":"http:\/\/www.cudecoop.coop\/cudecoop\/wp-json\/wp\/v2\/users\/27"}],"replies":[{"embeddable":true,"href":"http:\/\/www.cudecoop.coop\/cudecoop\/wp-json\/wp\/v2\/comments?post=5252"}],"version-history":[{"count":2,"href":"http:\/\/www.cudecoop.coop\/cudecoop\/wp-json\/wp\/v2\/posts\/5252\/revisions"}],"predecessor-version":[{"id":5255,"href":"http:\/\/www.cudecoop.coop\/cudecoop\/wp-json\/wp\/v2\/posts\/5252\/revisions\/5255"}],"wp:featuredmedia":[{"embeddable":true,"href":"http:\/\/www.cudecoop.coop\/cudecoop\/wp-json\/wp\/v2\/media\/5253"}],"wp:attachment":[{"href":"http:\/\/www.cudecoop.coop\/cudecoop\/wp-json\/wp\/v2\/media?parent=5252"}],"wp:term":[{"taxonomy":"category","embeddable":true,"href":"http:\/\/www.cudecoop.coop\/cudecoop\/wp-json\/wp\/v2\/categories?post=5252"},{"taxonomy":"post_tag","embeddable":true,"href":"http:\/\/www.cudecoop.coop\/cudecoop\/wp-json\/wp\/v2\/tags?post=5252"}],"curies":[{"name":"wp","href":"https:\/\/api.w.org\/{rel}","templated":true}]}}