{"id":5019,"date":"2025-05-06T18:03:46","date_gmt":"2025-05-06T21:03:46","guid":{"rendered":"https:\/\/www.cudecoop.coop\/cudecoop\/?p=5019"},"modified":"2025-05-06T18:06:29","modified_gmt":"2025-05-06T21:06:29","slug":"lanzamiento-curso-especialista-en-gestion-cooperativa-2025","status":"publish","type":"post","link":"http:\/\/www.cudecoop.coop\/cudecoop\/lanzamiento-curso-especialista-en-gestion-cooperativa-2025\/","title":{"rendered":"LANZAMIENTO CURSO ESPECIALISTA EN GESTI\u00d3N COOPERATIVA 2025"},"content":{"rendered":"<p>El 29 de abril, en el Anfiteatro Walter Rossi de la Facultad de Ciencias Econ\u00f3micas y Administraci\u00f3n (FCEA), se realiz\u00f3 el lanzamiento de la 13va edici\u00f3n del curso Especialista en Gesti\u00f3n Cooperativa.&nbsp;<\/p>\n<p>De la apertura y entrega de diplomas a quienes cursaron en 2024 participaron Hugo Monta\u00f1o, presidente de Cudecoop, y Jorge Xavier, decano de la FCEA quienes destacaron la importancia de la 13va edici\u00f3n que comienza este a\u00f1o y alentaron a continuar con el trabajo conjunto entre la Universidad de la Rep\u00fablica y el movimiento cooperativo en todo el pa\u00eds.&nbsp;<\/p>\n<p>Egresadas y egresados compartieron sus testimonios como motivaci\u00f3n a integrantes de la nueva generaci\u00f3n que participaron de forma presencial y virtual de esta actividad de inicio de curso. Tambi\u00e9n acompa\u00f1aron docentes que reforzaron el mensaje y narraron, desde sus roles, distintas an\u00e9cdotas y proyecciones para esta nueva edici\u00f3n. Se trata de un curso con inmediata aplicabilidad que brinda herramientas y conocimientos que aportan a todas las clases cooperativas.&nbsp;<\/p>\n<p>Previo al cierre se realiz\u00f3 la presentaci\u00f3n del programa, el calendario acad\u00e9mico y la plataforma de trabajo con las y los nuevos estudiantes que ya comienzan su a\u00f1o lectivo para ser parte de una nueva edici\u00f3n del curso de Especialista en Gesti\u00f3n Cooperativa.<\/p>\n<p>Tras celebrar el egreso de 12 participantes, comienza esta nueva edici\u00f3n con 35 estudiantes con diversos perfiles: integrantes de cooperativas, profesionales, t\u00e9cnicos y funcionarios.&nbsp;<\/p>\n<p>&nbsp;<\/p>\n","protected":false},"excerpt":{"rendered":"<p>El 29 de abril, en el Anfiteatro Walter Rossi de la Facultad de Ciencias Econ\u00f3micas y Administraci\u00f3n (FCEA), se realiz\u00f3 el lanzamiento de la 13va edici\u00f3n del curso Especialista en Gesti\u00f3n Cooperativa.&nbsp; De la apertura y entrega de diplomas a quienes cursaron en 2024 participaron Hugo Monta\u00f1o, presidente de Cudecoop, y Jorge Xavier, decano de la FCEA quienes destacaron la importancia de la 13va edici\u00f3n que comienza este a\u00f1o y alentaron a continuar con el trabajo conjunto entre la Universidad de la Rep\u00fablica y el movimiento cooperativo en todo el pa\u00eds.&nbsp; Egresadas y egresados compartieron sus testimonios como motivaci\u00f3n a [&#8230;]<\/p>\n","protected":false},"author":27,"featured_media":5025,"comment_status":"open","ping_status":"open","sticky":false,"template":"","format":"standard","meta":{"_acf_changed":false,"ngg_post_thumbnail":0,"footnotes":""},"categories":[7,6,1],"tags":[],"class_list":["post-5019","post","type-post","status-publish","format-standard","has-post-thumbnail","hentry","category-cooperativas","category-institucionales","category-noticias"],"acf":[],"_links":{"self":[{"href":"http:\/\/www.cudecoop.coop\/cudecoop\/wp-json\/wp\/v2\/posts\/5019","targetHints":{"allow":["GET"]}}],"collection":[{"href":"http:\/\/www.cudecoop.coop\/cudecoop\/wp-json\/wp\/v2\/posts"}],"about":[{"href":"http:\/\/www.cudecoop.coop\/cudecoop\/wp-json\/wp\/v2\/types\/post"}],"author":[{"embeddable":true,"href":"http:\/\/www.cudecoop.coop\/cudecoop\/wp-json\/wp\/v2\/users\/27"}],"replies":[{"embeddable":true,"href":"http:\/\/www.cudecoop.coop\/cudecoop\/wp-json\/wp\/v2\/comments?post=5019"}],"version-history":[{"count":1,"href":"http:\/\/www.cudecoop.coop\/cudecoop\/wp-json\/wp\/v2\/posts\/5019\/revisions"}],"predecessor-version":[{"id":5024,"href":"http:\/\/www.cudecoop.coop\/cudecoop\/wp-json\/wp\/v2\/posts\/5019\/revisions\/5024"}],"wp:featuredmedia":[{"embeddable":true,"href":"http:\/\/www.cudecoop.coop\/cudecoop\/wp-json\/wp\/v2\/media\/5025"}],"wp:attachment":[{"href":"http:\/\/www.cudecoop.coop\/cudecoop\/wp-json\/wp\/v2\/media?parent=5019"}],"wp:term":[{"taxonomy":"category","embeddable":true,"href":"http:\/\/www.cudecoop.coop\/cudecoop\/wp-json\/wp\/v2\/categories?post=5019"},{"taxonomy":"post_tag","embeddable":true,"href":"http:\/\/www.cudecoop.coop\/cudecoop\/wp-json\/wp\/v2\/tags?post=5019"}],"curies":[{"name":"wp","href":"https:\/\/api.w.org\/{rel}","templated":true}]}}