{"id":4967,"date":"2025-04-03T11:33:14","date_gmt":"2025-04-03T14:33:14","guid":{"rendered":"https:\/\/www.cudecoop.coop\/cudecoop\/?p=4967"},"modified":"2025-04-03T11:34:56","modified_gmt":"2025-04-03T14:34:56","slug":"finalizo-apuesta-interior-para-las-cooperativas-de-trabajo","status":"publish","type":"post","link":"http:\/\/www.cudecoop.coop\/cudecoop\/finalizo-apuesta-interior-para-las-cooperativas-de-trabajo\/","title":{"rendered":"Finaliz\u00f3 apuesta interior para las cooperativas de trabajo"},"content":{"rendered":"<p>Entre noviembre de 2024 y marzo de 2025, el equipo docente de la FCPU estuvo realizando talleres de forma virtual y presencial para cooperativas del interior del pa\u00eds. La tem\u00e1tica cautiv\u00f3 a diversos participantes que buscaron incorporar herramientas para la Comunicaci\u00f3n interna y externa de sus emprendimientos.<\/p>\n<p>El equipo docente, integrado por Mar\u00eda Laura Coria, Juan Manuel Chaves y Cecilia Faguaga, se traslad\u00f3 a las regiones de Maldonado\/Lavalleja, Rocha y Salto\/Paysand\u00fa\/R\u00edo Negro, para presentar un taller innovador, basado en el Manual de Comunicaci\u00f3n para Cooperativas, que busc\u00f3 en primer lugar problematizar las pr\u00e1cticas de comunicaci\u00f3n que realizan las cooperativas, para luego, a partir de esa reflexi\u00f3n presentar herramientas que podr\u00edan atacar cada una de las particularidades que aparecen en el movimiento.<\/p>\n<p>Los talleres, estructurados en din\u00e1micas de intercambio participativo, busc\u00f3 que los propios participantes detectaran las dificultades de comunicaci\u00f3n de sus organizaciones a partir de presentaci\u00f3n de conceptos te\u00f3ricos que se \u201cbajaban\u201d a trav\u00e9s de experiencias cooperativas. Esta fue la gran novedad del curso, y lo que despert\u00f3 principal inter\u00e9s, encontrar que otras cooperativas atraviesan los mismos desaf\u00edos y las \u201cf\u00f3rmulas\u201d de c\u00f3mo lo han resuelto.<\/p>\n<p>\u201cEn mi cooperativa no logramos convocar a las Asambleas\u201d, \u201cnos cuesta que entiendan cu\u00e1l es nuestro producto\u201d, \u201ctodos hablan con el cliente y eso entrevera\u201d, \u201cno tenemos claro con quien hablar de ciertas cosas\u201d, \u201cescriben en el WhatsApp a cualquier hora y se pierde lo importante\u201d, fueron algunas de las frases recogidas en los encuentros y que fueron abordadas por el equipo docente.<\/p>\n<p>Las conclusiones fueron positivas, los participantes se llevaron herramientas listas para aplicar (entre las que se desatacaron Google Form, Encuesta de Whatsapp y Canvas) y tuvieron oportunidad tambi\u00e9n para realizar su Chequeo Digital de ANDE y encontrar ah\u00ed nuevos temas para seguir form\u00e1ndose.<\/p>\n<p>&nbsp;<\/p>\n<p>L\u00edneas de trabajo con ANDE<\/p>\n<p>La realizaci\u00f3n del Chequeo Digital permiti\u00f3 adem\u00e1s dejar la \u201cpuerta abierta\u201d para l\u00edneas de financiamiento o subsidios hacia la implementaci\u00f3n de herramientas de comunicaci\u00f3n digital. Ignacio Maim\u00f3, promotor de Instrumentos Financieros, mantuvo una charla virtual con los participantes de esta edici\u00f3n y la anterior (con cooperativas de Montevideo y Canelones) en donde present\u00f3 las principales herramientas que tiene ANDE para este tipo de emprendimientos.<\/p>\n<p>As\u00ed fue que detall\u00f3 lo que es el Chequeo Digital, los Kits Digitales, el Cr\u00e9dito Modo Digital y la garant\u00eda SiGa Digital. Los participantes acercaron algunas preguntas y se mantuvieron interesados en lo que se vendr\u00e1 para las pr\u00f3ximas ediciones de programas ANDE.<\/p>\n<p>Finalmente, las y los participantes compartieron una evaluaci\u00f3n del encuentro en donde quedaron \u00e1vidos de continuar con la tem\u00e1tica, en un sector que entienden que todav\u00eda queda mucho por hacer.<\/p>\n","protected":false},"excerpt":{"rendered":"<p>Entre noviembre de 2024 y marzo de 2025, el equipo docente de la FCPU estuvo realizando talleres de forma virtual y presencial para cooperativas del interior del pa\u00eds. La tem\u00e1tica cautiv\u00f3 a diversos participantes que buscaron incorporar herramientas para la Comunicaci\u00f3n interna y externa de sus emprendimientos. El equipo docente, integrado por Mar\u00eda Laura Coria, Juan Manuel Chaves y Cecilia Faguaga, se traslad\u00f3 a las regiones de Maldonado\/Lavalleja, Rocha y Salto\/Paysand\u00fa\/R\u00edo Negro, para presentar un taller innovador, basado en el Manual de Comunicaci\u00f3n para Cooperativas, que busc\u00f3 en primer lugar problematizar las pr\u00e1cticas de comunicaci\u00f3n que realizan las cooperativas, para [&#8230;]<\/p>\n","protected":false},"author":27,"featured_media":0,"comment_status":"open","ping_status":"open","sticky":false,"template":"","format":"standard","meta":{"_acf_changed":false,"ngg_post_thumbnail":0,"footnotes":""},"categories":[1],"tags":[],"class_list":["post-4967","post","type-post","status-publish","format-standard","hentry","category-noticias"],"acf":[],"_links":{"self":[{"href":"http:\/\/www.cudecoop.coop\/cudecoop\/wp-json\/wp\/v2\/posts\/4967","targetHints":{"allow":["GET"]}}],"collection":[{"href":"http:\/\/www.cudecoop.coop\/cudecoop\/wp-json\/wp\/v2\/posts"}],"about":[{"href":"http:\/\/www.cudecoop.coop\/cudecoop\/wp-json\/wp\/v2\/types\/post"}],"author":[{"embeddable":true,"href":"http:\/\/www.cudecoop.coop\/cudecoop\/wp-json\/wp\/v2\/users\/27"}],"replies":[{"embeddable":true,"href":"http:\/\/www.cudecoop.coop\/cudecoop\/wp-json\/wp\/v2\/comments?post=4967"}],"version-history":[{"count":1,"href":"http:\/\/www.cudecoop.coop\/cudecoop\/wp-json\/wp\/v2\/posts\/4967\/revisions"}],"predecessor-version":[{"id":4968,"href":"http:\/\/www.cudecoop.coop\/cudecoop\/wp-json\/wp\/v2\/posts\/4967\/revisions\/4968"}],"wp:attachment":[{"href":"http:\/\/www.cudecoop.coop\/cudecoop\/wp-json\/wp\/v2\/media?parent=4967"}],"wp:term":[{"taxonomy":"category","embeddable":true,"href":"http:\/\/www.cudecoop.coop\/cudecoop\/wp-json\/wp\/v2\/categories?post=4967"},{"taxonomy":"post_tag","embeddable":true,"href":"http:\/\/www.cudecoop.coop\/cudecoop\/wp-json\/wp\/v2\/tags?post=4967"}],"curies":[{"name":"wp","href":"https:\/\/api.w.org\/{rel}","templated":true}]}}