{"id":4957,"date":"2025-03-31T20:45:28","date_gmt":"2025-03-31T23:45:28","guid":{"rendered":"https:\/\/www.cudecoop.coop\/cudecoop\/?p=4957"},"modified":"2025-03-31T20:45:28","modified_gmt":"2025-03-31T23:45:28","slug":"se-realizo-el-conversatorio-cudecoop-en-territorio","status":"publish","type":"post","link":"http:\/\/www.cudecoop.coop\/cudecoop\/se-realizo-el-conversatorio-cudecoop-en-territorio\/","title":{"rendered":"Se realiz\u00f3 el conversatorio &#8220;Cudecoop en territorio&#8221;"},"content":{"rendered":"<p>El 27 de marzo se llev\u00f3 adelante el conversatorio &#8220;Cudecoop en territorio&#8221;, una instancia de intercambio entre integrantes del Comit\u00e9 Ejecutivo de Cudecoop con m\u00e1s de 50 cooperativistas del todo el pa\u00eds que presentaron sus propuestas de cara a un nuevo Plan Estrat\u00e9gico Institucional.&nbsp;<\/p>\n<p>Con la apertura a cargo de Hugo Monta\u00f1o, presidente de Cudecoop, y moderado por Alicia Kuster, referente del Programa de Desarrollo Cooperativo Territorial (PDCT), este encuentro virtual sirvi\u00f3 de disparador para continuar los intercambios y la integraci\u00f3n de la realidad territorial a las l\u00edneas de trabajo del Comit\u00e9 Ejecutivo de la Confederaci\u00f3n.&nbsp;<\/p>\n<p>En la apertura, Monta\u00f1o destac\u00f3 que &#8220;Los aportes tienen que venir de todo el territorio. Estos aportes al plan estrat\u00e9gico construyen avances&#8221;.<\/p>\n<p>Con el acompa\u00f1amiento y trabajo previo junto a Promotoras y Promotores del PDCT,&nbsp; integrantes de las Mesas Intercooperativas Departamentales eligieron una persona como portavoz y plantearon su vivencia en territorio.&nbsp;<\/p>\n<p>Algunos de los temas propuestos estuvieron vinculados a: cartera de tierras, profesionalizaci\u00f3n en entes p\u00fablicos para tratamiento de tr\u00e1mites y solicitudes de cooperativas, facilitaci\u00f3n de gestiones en l\u00ednea, promoci\u00f3n en contratos de servicios y trabajo cooperativo, m\u00e1s educaci\u00f3n y sensibilizaci\u00f3n, mapeos de cooperativas y servicios a nivel nacional, mayor articulaci\u00f3n de actores locales, perspectiva de g\u00e9nero y generaciones.&nbsp;<\/p>\n<p>Desde el Comit\u00e9 Ejecutivo de Cudecoop se plantea un compromiso y seguimiento a estas tem\u00e1ticas para continuar trabajando en pos de la integraci\u00f3n de las necesidades de cara a un nuevo Plan Estrat\u00e9gico Institucional.&nbsp;<\/p>\n<p>Hugo Monta\u00f1o dio cierre a la actividad asumiendo el compromiso de an\u00e1lisis sobre lo expuesto y proponiendo la continuidad de estos encuentros.&nbsp;<\/p>\n","protected":false},"excerpt":{"rendered":"<p>El 27 de marzo se llev\u00f3 adelante el conversatorio &#8220;Cudecoop en territorio&#8221;, una instancia de intercambio entre integrantes del Comit\u00e9 Ejecutivo de Cudecoop con m\u00e1s de 50 cooperativistas del todo el pa\u00eds que presentaron sus propuestas de cara a un nuevo Plan Estrat\u00e9gico Institucional.&nbsp; Con la apertura a cargo de Hugo Monta\u00f1o, presidente de Cudecoop, y moderado por Alicia Kuster, referente del Programa de Desarrollo Cooperativo Territorial (PDCT), este encuentro virtual sirvi\u00f3 de disparador para continuar los intercambios y la integraci\u00f3n de la realidad territorial a las l\u00edneas de trabajo del Comit\u00e9 Ejecutivo de la Confederaci\u00f3n.&nbsp; En la apertura, Monta\u00f1o [&#8230;]<\/p>\n","protected":false},"author":27,"featured_media":4958,"comment_status":"open","ping_status":"open","sticky":false,"template":"","format":"standard","meta":{"_acf_changed":false,"ngg_post_thumbnail":0,"footnotes":""},"categories":[7,6,1],"tags":[],"class_list":["post-4957","post","type-post","status-publish","format-standard","has-post-thumbnail","hentry","category-cooperativas","category-institucionales","category-noticias"],"acf":[],"_links":{"self":[{"href":"http:\/\/www.cudecoop.coop\/cudecoop\/wp-json\/wp\/v2\/posts\/4957","targetHints":{"allow":["GET"]}}],"collection":[{"href":"http:\/\/www.cudecoop.coop\/cudecoop\/wp-json\/wp\/v2\/posts"}],"about":[{"href":"http:\/\/www.cudecoop.coop\/cudecoop\/wp-json\/wp\/v2\/types\/post"}],"author":[{"embeddable":true,"href":"http:\/\/www.cudecoop.coop\/cudecoop\/wp-json\/wp\/v2\/users\/27"}],"replies":[{"embeddable":true,"href":"http:\/\/www.cudecoop.coop\/cudecoop\/wp-json\/wp\/v2\/comments?post=4957"}],"version-history":[{"count":2,"href":"http:\/\/www.cudecoop.coop\/cudecoop\/wp-json\/wp\/v2\/posts\/4957\/revisions"}],"predecessor-version":[{"id":4962,"href":"http:\/\/www.cudecoop.coop\/cudecoop\/wp-json\/wp\/v2\/posts\/4957\/revisions\/4962"}],"wp:featuredmedia":[{"embeddable":true,"href":"http:\/\/www.cudecoop.coop\/cudecoop\/wp-json\/wp\/v2\/media\/4958"}],"wp:attachment":[{"href":"http:\/\/www.cudecoop.coop\/cudecoop\/wp-json\/wp\/v2\/media?parent=4957"}],"wp:term":[{"taxonomy":"category","embeddable":true,"href":"http:\/\/www.cudecoop.coop\/cudecoop\/wp-json\/wp\/v2\/categories?post=4957"},{"taxonomy":"post_tag","embeddable":true,"href":"http:\/\/www.cudecoop.coop\/cudecoop\/wp-json\/wp\/v2\/tags?post=4957"}],"curies":[{"name":"wp","href":"https:\/\/api.w.org\/{rel}","templated":true}]}}