{"id":4903,"date":"2025-03-11T16:07:38","date_gmt":"2025-03-11T19:07:38","guid":{"rendered":"https:\/\/www.cudecoop.coop\/cudecoop\/?p=4903"},"modified":"2025-03-11T16:08:23","modified_gmt":"2025-03-11T19:08:23","slug":"mujeres-del-litoral-formacion-para-la-autonomia-economica","status":"publish","type":"post","link":"http:\/\/www.cudecoop.coop\/cudecoop\/mujeres-del-litoral-formacion-para-la-autonomia-economica\/","title":{"rendered":"Mujeres del litoral: formaci\u00f3n para la autonom\u00eda econ\u00f3mica"},"content":{"rendered":"<p><span style=\"font-weight: 800;\">Mujeres del litoral<\/span><span style=\"font-weight: 800;\">: <\/span><span style=\"font-weight: 800;\">formaci\u00f3n para la autonom\u00eda econ\u00f3mica<\/span><\/p>\n<p><span style=\"font-weight: 400;\">Se trata de una capacitaci\u00f3n&nbsp;<\/span><span style=\"font-weight: 400;\">gratuita especializada para mujeres de Artigas, Paysand\u00fa, R\u00edo Negro, Salto y Soriano, en la que se brindar\u00e1 formaci\u00f3n en c<\/span><span style=\"font-weight: 400;\">omercio, ventas y atenci\u00f3n al cliente; d<\/span><span style=\"font-weight: 400;\">erechos laborales y ciudadan\u00eda digital; ofreciendo adem\u00e1s trabajo de competencias transversales como l<\/span><span style=\"font-weight: 400;\">iderazgo, comunicaci\u00f3n y trabajo en equipo.<\/span><\/p>\n<p>Est\u00e1 dirigido a m<span style=\"font-weight: 400;\">ujeres cooperativistas o vinculadas a la econom\u00eda social y solidaria, m<\/span><span style=\"font-weight: 400;\">ujeres desempleadas o muj<\/span><span style=\"font-weight: 400;\">eres en proceso de salida de situaciones&nbsp;<\/span><span style=\"font-weight: 400;\">de violencia de g\u00e9nero.<\/span><\/p>\n<p>La formaci\u00f3n tiene una duraci\u00f3n aproximada de 6 meses y se realizar\u00e1 en formato semipresencial en cada Departamento.&nbsp;<\/p>\n<p>Esta iniciativa, es impulsada por la Mesa Intercooperativa de Salto con apoyo de Cudecoop y financiada por Inefop.<\/p>\n<p>Recib\u00ed m\u00e1s informaci\u00f3n haciendo clic <a href=\"https:\/\/forms.gle\/qUnrXbWMe7LdPakt7\">aqu\u00ed<\/a><\/p>\n<p>&nbsp;<\/p>\n","protected":false},"excerpt":{"rendered":"<p>Mujeres del litoral: formaci\u00f3n para la autonom\u00eda econ\u00f3mica Se trata de una capacitaci\u00f3n&nbsp;gratuita especializada para mujeres de Artigas, Paysand\u00fa, R\u00edo Negro, Salto y Soriano, en la que se brindar\u00e1 formaci\u00f3n en comercio, ventas y atenci\u00f3n al cliente; derechos laborales y ciudadan\u00eda digital; ofreciendo adem\u00e1s trabajo de competencias transversales como liderazgo, comunicaci\u00f3n y trabajo en equipo. Est\u00e1 dirigido a mujeres cooperativistas o vinculadas a la econom\u00eda social y solidaria, mujeres desempleadas o mujeres en proceso de salida de situaciones&nbsp;de violencia de g\u00e9nero. La formaci\u00f3n tiene una duraci\u00f3n aproximada de 6 meses y se realizar\u00e1 en formato semipresencial en cada Departamento.&nbsp; Esta [&#8230;]<\/p>\n","protected":false},"author":27,"featured_media":4904,"comment_status":"open","ping_status":"open","sticky":false,"template":"","format":"standard","meta":{"_acf_changed":false,"ngg_post_thumbnail":0,"footnotes":""},"categories":[7,6,1],"tags":[],"class_list":["post-4903","post","type-post","status-publish","format-standard","has-post-thumbnail","hentry","category-cooperativas","category-institucionales","category-noticias"],"acf":[],"_links":{"self":[{"href":"http:\/\/www.cudecoop.coop\/cudecoop\/wp-json\/wp\/v2\/posts\/4903","targetHints":{"allow":["GET"]}}],"collection":[{"href":"http:\/\/www.cudecoop.coop\/cudecoop\/wp-json\/wp\/v2\/posts"}],"about":[{"href":"http:\/\/www.cudecoop.coop\/cudecoop\/wp-json\/wp\/v2\/types\/post"}],"author":[{"embeddable":true,"href":"http:\/\/www.cudecoop.coop\/cudecoop\/wp-json\/wp\/v2\/users\/27"}],"replies":[{"embeddable":true,"href":"http:\/\/www.cudecoop.coop\/cudecoop\/wp-json\/wp\/v2\/comments?post=4903"}],"version-history":[{"count":2,"href":"http:\/\/www.cudecoop.coop\/cudecoop\/wp-json\/wp\/v2\/posts\/4903\/revisions"}],"predecessor-version":[{"id":4906,"href":"http:\/\/www.cudecoop.coop\/cudecoop\/wp-json\/wp\/v2\/posts\/4903\/revisions\/4906"}],"wp:featuredmedia":[{"embeddable":true,"href":"http:\/\/www.cudecoop.coop\/cudecoop\/wp-json\/wp\/v2\/media\/4904"}],"wp:attachment":[{"href":"http:\/\/www.cudecoop.coop\/cudecoop\/wp-json\/wp\/v2\/media?parent=4903"}],"wp:term":[{"taxonomy":"category","embeddable":true,"href":"http:\/\/www.cudecoop.coop\/cudecoop\/wp-json\/wp\/v2\/categories?post=4903"},{"taxonomy":"post_tag","embeddable":true,"href":"http:\/\/www.cudecoop.coop\/cudecoop\/wp-json\/wp\/v2\/tags?post=4903"}],"curies":[{"name":"wp","href":"https:\/\/api.w.org\/{rel}","templated":true}]}}