{"id":4872,"date":"2025-03-05T15:25:13","date_gmt":"2025-03-05T18:25:13","guid":{"rendered":"https:\/\/www.cudecoop.coop\/cudecoop\/?p=4872"},"modified":"2025-03-14T12:30:03","modified_gmt":"2025-03-14T15:30:03","slug":"comunicado-8m-dia-internacional-de-la-mujer","status":"publish","type":"post","link":"http:\/\/www.cudecoop.coop\/cudecoop\/comunicado-8m-dia-internacional-de-la-mujer\/","title":{"rendered":"D\u00eda internacional de la Mujer 8M"},"content":{"rendered":"<p><strong>Con motivo del D\u00eda Internacional de la Mujer, reforzamos nuestro compromiso de trabajo con las mujeres que son parte y fortalecen el movimiento cooperativo.<\/strong><br \/>\nEste 8M desde la Comisi\u00f3n de G\u00e9nero de Cudecoop asumimos la responsabilidad de continuar promoviendo el desarrollo igualitario de derechos y oportunidades, para seguir avanzando hacia un cooperativismo con equidad, entendiendo los roles de las mujeres como fundamentales en la Econom\u00eda Social.<br \/>\nPara el 2025 desde ONU Mujeres se propone el lema \u201cPara las mujeres y ni\u00f1as en toda su diversidad: derechos, igualdad y empoderamiento\u201d, adherimos con firmes convicciones a esta leyenda, comprometi\u00e9ndonos a seguir impulsando la formaci\u00f3n y capacitaci\u00f3n para que esto se convierta en una realidad s\u00f3lida. Asimismo, es urgente continuar luchando por la legislaci\u00f3n e inversi\u00f3n en tem\u00e1ticas de g\u00e9nero en todos los \u00f3rdenes y en todo el pa\u00eds, para as\u00ed alentar nuevos liderazgos, promover pr\u00e1cticas de erradicaci\u00f3n de desigualdades y en particular de la violencia, impulsando adem\u00e1s la independencia econ\u00f3mica de los colectivos m\u00e1s vulnerables.<br \/>\nDurante el \u00faltimo a\u00f1o trabajamos en la incidencia en pol\u00edticas p\u00fablicas en el marco de las Elecciones Nacionales, exponiendo frente a los diferentes candidatos presidenciables una propuesta espec\u00edfica que refuerza la idea: \u201cAvanzar en la incorporaci\u00f3n de las dimensiones de g\u00e9nero, generaciones y territorios en las pol\u00edticas p\u00fablicas del desarrollo cooperativo\u201d. Esta propuesta fue elaborada a partir del trabajo colectivo de cooperativistas y referentes de todo el territorio y forma parte de las Propuestas Program\u00e1ticas de CUDECOOP.<br \/>\nEn un contexto de cada vez mayor vulnerabilidad de derechos y violencia en todos los \u00e1mbitos, entendemos que el cooperativismo aporta a la sociedad &nbsp;alternativas de trabajo digno, el acceso a la vivienda, al uso de servicios financieros y de consumo, la alimentaci\u00f3n, entre otras, con perspectiva de principios y valores.<br \/>\nProponemos seguir problematizando en conjunto para buscar soluciones en torno a temas vinculados a la salud y bienestar de las mujeres, tales como salud mental, cuidados, protecci\u00f3n de sus derechos enfatizando el abordaje siempre con perspectiva de g\u00e9nero. Nuestras mujeres necesitan acompa\u00f1amiento, atenci\u00f3n y m\u00e1s derechos.<br \/>\nInvitamos a la m\u00e1xima participaci\u00f3n en cada uno de los eventos organizados por nuestras federaciones y socias en todo el pa\u00eds.<br \/>\n<!--more--><\/p>\n","protected":false},"excerpt":{"rendered":"<p>Con motivo del D\u00eda Internacional de la Mujer, reforzamos nuestro compromiso de trabajo con las mujeres que son parte y fortalecen el movimiento cooperativo.<br \/> Este 8M desde la Comisi\u00f3n de G\u00e9nero de Cudecoop asumimos la responsabilidad de continuar promoviendo el desarrollo igualitario de derechos y oportunidades, para seguir avanzando hacia un cooperativismo con equidad, entendiendo los roles de las mujeres como fundamentales en la Econom\u00eda Social.<br \/> Para el 2025 desde ONU Mujeres se propone el lema \u201cPara las mujeres y ni\u00f1as en toda su diversidad: derechos, igualdad y empoderamiento\u201d, adherimos con firmes convicciones a esta leyenda, comprometi\u00e9ndonos a [&#8230;]<\/p>\n","protected":false},"author":27,"featured_media":4898,"comment_status":"open","ping_status":"open","sticky":false,"template":"","format":"standard","meta":{"_acf_changed":false,"ngg_post_thumbnail":0,"footnotes":""},"categories":[7,6,1],"tags":[],"class_list":["post-4872","post","type-post","status-publish","format-standard","has-post-thumbnail","hentry","category-cooperativas","category-institucionales","category-noticias"],"acf":[],"_links":{"self":[{"href":"http:\/\/www.cudecoop.coop\/cudecoop\/wp-json\/wp\/v2\/posts\/4872","targetHints":{"allow":["GET"]}}],"collection":[{"href":"http:\/\/www.cudecoop.coop\/cudecoop\/wp-json\/wp\/v2\/posts"}],"about":[{"href":"http:\/\/www.cudecoop.coop\/cudecoop\/wp-json\/wp\/v2\/types\/post"}],"author":[{"embeddable":true,"href":"http:\/\/www.cudecoop.coop\/cudecoop\/wp-json\/wp\/v2\/users\/27"}],"replies":[{"embeddable":true,"href":"http:\/\/www.cudecoop.coop\/cudecoop\/wp-json\/wp\/v2\/comments?post=4872"}],"version-history":[{"count":4,"href":"http:\/\/www.cudecoop.coop\/cudecoop\/wp-json\/wp\/v2\/posts\/4872\/revisions"}],"predecessor-version":[{"id":4899,"href":"http:\/\/www.cudecoop.coop\/cudecoop\/wp-json\/wp\/v2\/posts\/4872\/revisions\/4899"}],"wp:featuredmedia":[{"embeddable":true,"href":"http:\/\/www.cudecoop.coop\/cudecoop\/wp-json\/wp\/v2\/media\/4898"}],"wp:attachment":[{"href":"http:\/\/www.cudecoop.coop\/cudecoop\/wp-json\/wp\/v2\/media?parent=4872"}],"wp:term":[{"taxonomy":"category","embeddable":true,"href":"http:\/\/www.cudecoop.coop\/cudecoop\/wp-json\/wp\/v2\/categories?post=4872"},{"taxonomy":"post_tag","embeddable":true,"href":"http:\/\/www.cudecoop.coop\/cudecoop\/wp-json\/wp\/v2\/tags?post=4872"}],"curies":[{"name":"wp","href":"https:\/\/api.w.org\/{rel}","templated":true}]}}