{"id":4779,"date":"2024-12-18T11:25:07","date_gmt":"2024-12-18T14:25:07","guid":{"rendered":"https:\/\/www.cudecoop.coop\/cudecoop\/?p=4779"},"modified":"2025-11-03T13:26:04","modified_gmt":"2025-11-03T16:26:04","slug":"convocatoria-a-comunicador-a-de-poryecto-innov-hubs","status":"publish","type":"post","link":"http:\/\/www.cudecoop.coop\/cudecoop\/convocatoria-a-comunicador-a-de-poryecto-innov-hubs\/","title":{"rendered":"Convocatoria a comunicador\/a de Poryecto Innov-Hubs"},"content":{"rendered":"<p>Convocatoria a comunicador\/a de Poryecto Innov-Hubs<\/p>\n<p>La presente convocatoria se orienta a la contrataci\u00f3n de un\/a responsable de comunicaci\u00f3n para el Proyecto \u201cINNOV-Hubs: Centros de innovaci\u00f3n social, ecol\u00f3gico y digital\u201d que tiene por objetivo general \u201cfomentar la innovaci\u00f3n y el desarrollo sostenible de PYMES del sector de econom\u00eda social y solidaria del Mercosur, en los sectores de econom\u00eda verde y econom\u00eda digital\u201d a trav\u00e9s de la conformaci\u00f3n de una red regional de incubadoras y aceleradoras de cooperativas, fomento del emprendedurismo asociativo (en especial de j\u00f3venes y mujeres) para la transici\u00f3n verde y digital, impulsando la innovaci\u00f3n a trav\u00e9s del intercambio a nivel regional e internacional con los socios europeos.<\/p>\n<p>Adjuntamos aqu\u00ed los T\u00e9rminos de Referencia<\/p>\n<p><a href=\"http:\/\/www.cudecoop.coop\/cudecoop\/wp-content\/uploads\/2024\/12\/TDR-Responsable-Comunicacion-INNOVHUBs.pdf\">TDR Responsable Comunicaci\u00f3n INNOVHUBs<\/a><\/p>\n<div class=\"gmail_default\">El vencimiento para postular es el 31 de diciembre de 2024.<\/div>\n<div class=\"gmail_default\">Las postulaciones se reciben en&nbsp; <a href=\"mailto:gisola@cudecoop.coop\" target=\"_blank\" rel=\"noopener noreferrer\">gisola@cudecoop.coop<\/a><\/div>\n<div class=\"gmail_default\">&nbsp;<\/div>\n","protected":false},"excerpt":{"rendered":"<p>Convocatoria a comunicador\/a de Poryecto Innov-Hubs La presente convocatoria se orienta a la contrataci\u00f3n de un\/a responsable de comunicaci\u00f3n para el Proyecto \u201cINNOV-Hubs: Centros de innovaci\u00f3n social, ecol\u00f3gico y digital\u201d que tiene por objetivo general \u201cfomentar la innovaci\u00f3n y el desarrollo sostenible de PYMES del sector de econom\u00eda social y solidaria del Mercosur, en los sectores de econom\u00eda verde y econom\u00eda digital\u201d a trav\u00e9s de la conformaci\u00f3n de una red regional de incubadoras y aceleradoras de cooperativas, fomento del emprendedurismo asociativo (en especial de j\u00f3venes y mujeres) para la transici\u00f3n verde y digital, impulsando la innovaci\u00f3n a trav\u00e9s del intercambio [&#8230;]<\/p>\n","protected":false},"author":27,"featured_media":0,"comment_status":"open","ping_status":"open","sticky":false,"template":"","format":"standard","meta":{"_acf_changed":false,"ngg_post_thumbnail":0,"footnotes":""},"categories":[1],"tags":[],"class_list":["post-4779","post","type-post","status-publish","format-standard","hentry","category-noticias"],"acf":[],"_links":{"self":[{"href":"http:\/\/www.cudecoop.coop\/cudecoop\/wp-json\/wp\/v2\/posts\/4779","targetHints":{"allow":["GET"]}}],"collection":[{"href":"http:\/\/www.cudecoop.coop\/cudecoop\/wp-json\/wp\/v2\/posts"}],"about":[{"href":"http:\/\/www.cudecoop.coop\/cudecoop\/wp-json\/wp\/v2\/types\/post"}],"author":[{"embeddable":true,"href":"http:\/\/www.cudecoop.coop\/cudecoop\/wp-json\/wp\/v2\/users\/27"}],"replies":[{"embeddable":true,"href":"http:\/\/www.cudecoop.coop\/cudecoop\/wp-json\/wp\/v2\/comments?post=4779"}],"version-history":[{"count":3,"href":"http:\/\/www.cudecoop.coop\/cudecoop\/wp-json\/wp\/v2\/posts\/4779\/revisions"}],"predecessor-version":[{"id":5310,"href":"http:\/\/www.cudecoop.coop\/cudecoop\/wp-json\/wp\/v2\/posts\/4779\/revisions\/5310"}],"wp:attachment":[{"href":"http:\/\/www.cudecoop.coop\/cudecoop\/wp-json\/wp\/v2\/media?parent=4779"}],"wp:term":[{"taxonomy":"category","embeddable":true,"href":"http:\/\/www.cudecoop.coop\/cudecoop\/wp-json\/wp\/v2\/categories?post=4779"},{"taxonomy":"post_tag","embeddable":true,"href":"http:\/\/www.cudecoop.coop\/cudecoop\/wp-json\/wp\/v2\/tags?post=4779"}],"curies":[{"name":"wp","href":"https:\/\/api.w.org\/{rel}","templated":true}]}}