{"id":4724,"date":"2024-11-26T21:59:15","date_gmt":"2024-11-26T21:59:15","guid":{"rendered":"https:\/\/www.cudecoop.coop\/cudecoop\/?p=4724"},"modified":"2025-03-14T12:32:27","modified_gmt":"2025-03-14T15:32:27","slug":"se-realizo-el-7-encuentro-nacional-de-genero-y-cooperativismo","status":"publish","type":"post","link":"http:\/\/www.cudecoop.coop\/cudecoop\/se-realizo-el-7-encuentro-nacional-de-genero-y-cooperativismo\/","title":{"rendered":"Se realiz\u00f3 el 7\u00b0 Encuentro Nacional de G\u00e9nero y Cooperativismo"},"content":{"rendered":"<p>El s\u00e1bado 16 de noviembre se realiz\u00f3 el 7\u00b0 Encuentro Nacional de G\u00e9nero y Cooperativismo en el Basti\u00f3n del Carmen de Colonia del Sacramento, en el marco de Colonia &#8211; Capital Nacional del Cooperativismo 2024.<\/p>\n<p>Con participaci\u00f3n hist\u00f3rica, se desarrollaron diferentes actividades que reunieron a m\u00e1s de 200 cooperativistas de 18 diferentes Departamentos.<\/p>\n<p>Sobre las 9:00 am tuvo lugar la bienvenida institucional y la presentaci\u00f3n de la actividad a cargo de la Esc. Silvana Avondet, Coordinadora del \u00c1rea de Desarrollo Cooperativo de Cudecoop. Este espacio fue antecedido por la presentaci\u00f3n de un video que resume el recorrido realizado por la Comisi\u00f3n de G\u00e9nero de la Confederaci\u00f3n desde 2015 a la fecha, que se puede ver a continuaci\u00f3n.<\/p>\n<p><iframe loading=\"lazy\" title=\"CUDECOOP  - Comisi\u00f3n de G\u00e9nero 2024\" width=\"525\" height=\"295\" src=\"https:\/\/www.youtube.com\/embed\/kEta511i9KM?feature=oembed\" frameborder=\"0\" allow=\"accelerometer; autoplay; clipboard-write; encrypted-media; gyroscope; picture-in-picture; web-share\" referrerpolicy=\"strict-origin-when-cross-origin\" allowfullscreen><\/iframe><\/p>\n<p>En la mesa de apertura estuvieron presentes Ligia Gonz\u00e1lez de Covi-esica, en representaci\u00f3n de la Mesa Intercooperativa de Colonia; Julieta Purtscher, representante de Inmujeres Colonia y Marisol Fuentes, 1era vicepresidenta de Cudecoop. Adem\u00e1s se proyectaron los saludos de Myriam Baez, presidenta del Comit\u00e9 Regional de G\u00e9nero de Cooperativas de las Am\u00e9ricas (CREG) y \u00c1ngeles Dati, vicepresidenta 2da y presidenta de la Comisi\u00f3n de G\u00e9nero de Cudecoop.<\/p>\n<p>La primera actividad estuvo a cargo de representantes de la Mesa Intercooperativa de Salto, desde la cual se propuso trabajar en un <span style=\"font-weight: 400;\">taller de Teatro del oprimido. Cooperativistas del Departamento tranajaron en una din\u00e1mica de aprendizaje y problematizaci\u00f3n de la violencia basada en g\u00e9nero a trav\u00e9s de las expresiones art\u00edsticas, con su grupo \u201cTrapitos al sol\u201d.<\/span><\/p>\n<p><span style=\"font-weight: 400;\"> Este espacio, propuso temas vinculados a la violencia intrafamiliar y a las violencias que afectan a quienes realizan tareas de cuidados, y&nbsp; tuvo su cierre con la participaci\u00f3n de integrantes de la platea que actuaron en el escenario a fin de recrear otros finales posibles para las escenas planteadas.&nbsp;<\/span><\/p>\n<p>A mitad de jornada se llev\u00f3 adelante la exposici\u00f3n &#8220;Cuidar de nosotras: acceso a la salud con perspectiva de g\u00e9nero y derechos&#8221; en la cual se presentaron temas vinculados a violencia obst\u00e9trica, diversidad corporal y salud mental. El espacio estuvo a cargo de la Dra. en derecho Eliana Mongelar, quien expuso sobre violencia obst\u00e9trica; la Comunicadora Social y activista por la diversidad corporal Romina Ottonello cuya ponencia invit\u00f3 a reflexionar sobre el sistema de salud y la Psic\u00f3loga y responsable del Programa de Desarrollo Territorial de Cudecoop Alicia Kuster que cerr\u00f3 problematizando el acceso a la salud mental.&nbsp;<\/p>\n<p>De este bloque surgieron interesantes aportes en los que las personas participantes del Encuentro manifestaron la urgente necesidad de continuar avanzando en estas tem\u00e1ticas, con foco central en c\u00f3mo podemos aportar colectivamente a nuestras comunidades.&nbsp;<\/p>\n<p><span style=\"font-weight: 400;\">La jornada continu\u00f3 con un taller sobre negociaci\u00f3n y gesti\u00f3n econ\u00f3mica y financiera de las cooperativas con perspectiva de g\u00e9nero a cargo de representantes de la cooperativa de trabajo Comuna, quienes adem\u00e1s presentaron su cartilla &#8220;Gesti\u00f3n y sostenibilidad cooperativa: pistas feministas para cooperativas de trabajo y cooperativas sociales&#8221; realizada y publicada junto a la Federaci\u00f3n de Cooperativas de Producci\u00f3n del Uruguay (FCPU) <\/span>en el marco del proyecto \u201cLiderazgo Cooperativo con Perspectiva de G\u00e9nero\u201d, el documento se encuentra disponible <a href=\"https:\/\/fcpu.coop\/gestion-y-sostenibildad-cooperativa\/\">aqu\u00ed<\/a>.&nbsp;<\/p>\n<p>Previo al cierre, Alicia Maneiro, presidenta de Cudecoop, ley\u00f3 junto a las cooperativistas la declaratoria realizada por la Comisi\u00f3n de G\u00e9nero en el marco del &#8220;25N &#8211; D\u00eda Internacional por la Eliminaci\u00f3n de la Violencia contra la Mujer&#8221;, documento que se encuentra disponible <a href=\"https:\/\/www.cudecoop.coop\/cudecoop\/declaratoria-25n-2024\/\">aqu\u00ed<\/a>.<\/p>\n<p>En este espacio, Maneiro destac\u00f3 &#8220;Este es el camino correcto, replante\u00e9monos cada d\u00eda estos temas y c\u00f3mo cada uno de nosotros desde nuestro lugar podemos ir cambiando, porque nosotros aspiramos a una sociedad diferente, una sociedad totalmente contrahegem\u00f3nica y entonces eso es nuestro norte: cambiar la pisada, cambiar la sociedad.&#8221; Mir\u00e1 el video del cierre del Encuentro <a href=\"https:\/\/www.youtube.com\/watch?v=okDiHymnR68\">aqu\u00ed<\/a>.&nbsp;<\/p>\n<p>&nbsp;<\/p>\n<p>&nbsp;<\/p>\n","protected":false},"excerpt":{"rendered":"<p>El s\u00e1bado 16 de noviembre se realiz\u00f3 el 7\u00b0 Encuentro Nacional de G\u00e9nero y Cooperativismo en el Basti\u00f3n del Carmen de Colonia del Sacramento, en el marco de Colonia &#8211; Capital Nacional del Cooperativismo 2024. Con participaci\u00f3n hist\u00f3rica, se desarrollaron diferentes actividades que reunieron a m\u00e1s de 200 cooperativistas de 18 diferentes Departamentos. Sobre las 9:00 am tuvo lugar la bienvenida institucional y la presentaci\u00f3n de la actividad a cargo de la Esc. Silvana Avondet, Coordinadora del \u00c1rea de Desarrollo Cooperativo de Cudecoop. Este espacio fue antecedido por la presentaci\u00f3n de un video que resume el recorrido realizado por la [&#8230;]<\/p>\n","protected":false},"author":27,"featured_media":4735,"comment_status":"open","ping_status":"open","sticky":false,"template":"","format":"standard","meta":{"_acf_changed":false,"ngg_post_thumbnail":0,"footnotes":""},"categories":[7,1,14],"tags":[],"class_list":["post-4724","post","type-post","status-publish","format-standard","has-post-thumbnail","hentry","category-cooperativas","category-noticias","category-programas"],"acf":[],"_links":{"self":[{"href":"http:\/\/www.cudecoop.coop\/cudecoop\/wp-json\/wp\/v2\/posts\/4724","targetHints":{"allow":["GET"]}}],"collection":[{"href":"http:\/\/www.cudecoop.coop\/cudecoop\/wp-json\/wp\/v2\/posts"}],"about":[{"href":"http:\/\/www.cudecoop.coop\/cudecoop\/wp-json\/wp\/v2\/types\/post"}],"author":[{"embeddable":true,"href":"http:\/\/www.cudecoop.coop\/cudecoop\/wp-json\/wp\/v2\/users\/27"}],"replies":[{"embeddable":true,"href":"http:\/\/www.cudecoop.coop\/cudecoop\/wp-json\/wp\/v2\/comments?post=4724"}],"version-history":[{"count":5,"href":"http:\/\/www.cudecoop.coop\/cudecoop\/wp-json\/wp\/v2\/posts\/4724\/revisions"}],"predecessor-version":[{"id":4736,"href":"http:\/\/www.cudecoop.coop\/cudecoop\/wp-json\/wp\/v2\/posts\/4724\/revisions\/4736"}],"wp:featuredmedia":[{"embeddable":true,"href":"http:\/\/www.cudecoop.coop\/cudecoop\/wp-json\/wp\/v2\/media\/4735"}],"wp:attachment":[{"href":"http:\/\/www.cudecoop.coop\/cudecoop\/wp-json\/wp\/v2\/media?parent=4724"}],"wp:term":[{"taxonomy":"category","embeddable":true,"href":"http:\/\/www.cudecoop.coop\/cudecoop\/wp-json\/wp\/v2\/categories?post=4724"},{"taxonomy":"post_tag","embeddable":true,"href":"http:\/\/www.cudecoop.coop\/cudecoop\/wp-json\/wp\/v2\/tags?post=4724"}],"curies":[{"name":"wp","href":"https:\/\/api.w.org\/{rel}","templated":true}]}}