{"id":4644,"date":"2024-09-30T18:27:19","date_gmt":"2024-09-30T18:27:19","guid":{"rendered":"https:\/\/www.cudecoop.coop\/cudecoop\/?p=4644"},"modified":"2024-10-02T18:04:02","modified_gmt":"2024-10-02T18:04:02","slug":"programacion-con-react-js","status":"publish","type":"post","link":"http:\/\/www.cudecoop.coop\/cudecoop\/programacion-con-react-js\/","title":{"rendered":"Inscripciones abiertas: Programaci\u00f3n con React JS"},"content":{"rendered":"<p>En octubre comienza una capacitaci\u00f3n para el desarrollo de interfaces interactivas con React, uno de los frameworks m\u00e1s populares para la construcci\u00f3n de aplicaciones web modernas.<\/p>\n<p>Este espacio est\u00e1 dirigido a personas j\u00f3venes que cuenten con alguna formaci\u00f3n previa en programaci\u00f3n y con inter\u00e9s de emprender de forma colectiva.&nbsp; El desarrollo de esta capacitaci\u00f3n se realiza con el apoyo de&nbsp;<br \/>\nIncubacoop, con la intensi\u00f3n de que quienes quieran seguir emprendiendo de forma colectiva, puedan ser incubados a futuro.&nbsp;<\/p>\n<p>En este espacio nos enfocaremos en la aplicaci\u00f3n pr\u00e1ctica de los conceptos aprendidos, trabajando en proyectos que permitir\u00e1n poner en acci\u00f3n todo lo visto en clase en un entorno colaborativo.&nbsp;<\/p>\n<p>Inscripciones abiertas hasta el 22 de octubre 2024, <a href=\"https:\/\/docs.google.com\/forms\/d\/1jXCZ8Upg_Hc9kpUrecd4V1fzd1JQP7E9kQfJQwsNSYg\/viewform?pli=1&amp;pli=1&amp;edit_requested=true\">aqu\u00ed.<\/a><\/p>\n<p>En el material adjunto encontrar\u00e1n informaci\u00f3n m\u00e1s detallada sobre el curso.&nbsp;<\/p>\n<p><a href=\"http:\/\/www.cudecoop.coop\/cudecoop\/wp-content\/uploads\/2024\/09\/El-Club-Programacion-con-React-JS.pdf\">El Club- Programaci\u00f3n con React JS<\/a><\/p>\n","protected":false},"excerpt":{"rendered":"<p>En octubre comienza una capacitaci\u00f3n para el desarrollo de interfaces interactivas con React, uno de los frameworks m\u00e1s populares para la construcci\u00f3n de aplicaciones web modernas. Este espacio est\u00e1 dirigido a personas j\u00f3venes que cuenten con alguna formaci\u00f3n previa en programaci\u00f3n y con inter\u00e9s de emprender de forma colectiva.&nbsp; El desarrollo de esta capacitaci\u00f3n se realiza con el apoyo de&nbsp;<br \/> Incubacoop, con la intensi\u00f3n de que quienes quieran seguir emprendiendo de forma colectiva, puedan ser incubados a futuro.&nbsp; En este espacio nos enfocaremos en la aplicaci\u00f3n pr\u00e1ctica de los conceptos aprendidos, trabajando en proyectos que permitir\u00e1n poner en acci\u00f3n [&#8230;]<\/p>\n","protected":false},"author":27,"featured_media":4645,"comment_status":"open","ping_status":"open","sticky":false,"template":"","format":"standard","meta":{"_acf_changed":false,"ngg_post_thumbnail":0,"footnotes":""},"categories":[7,1],"tags":[],"class_list":["post-4644","post","type-post","status-publish","format-standard","has-post-thumbnail","hentry","category-cooperativas","category-noticias"],"acf":[],"_links":{"self":[{"href":"http:\/\/www.cudecoop.coop\/cudecoop\/wp-json\/wp\/v2\/posts\/4644","targetHints":{"allow":["GET"]}}],"collection":[{"href":"http:\/\/www.cudecoop.coop\/cudecoop\/wp-json\/wp\/v2\/posts"}],"about":[{"href":"http:\/\/www.cudecoop.coop\/cudecoop\/wp-json\/wp\/v2\/types\/post"}],"author":[{"embeddable":true,"href":"http:\/\/www.cudecoop.coop\/cudecoop\/wp-json\/wp\/v2\/users\/27"}],"replies":[{"embeddable":true,"href":"http:\/\/www.cudecoop.coop\/cudecoop\/wp-json\/wp\/v2\/comments?post=4644"}],"version-history":[{"count":4,"href":"http:\/\/www.cudecoop.coop\/cudecoop\/wp-json\/wp\/v2\/posts\/4644\/revisions"}],"predecessor-version":[{"id":4651,"href":"http:\/\/www.cudecoop.coop\/cudecoop\/wp-json\/wp\/v2\/posts\/4644\/revisions\/4651"}],"wp:featuredmedia":[{"embeddable":true,"href":"http:\/\/www.cudecoop.coop\/cudecoop\/wp-json\/wp\/v2\/media\/4645"}],"wp:attachment":[{"href":"http:\/\/www.cudecoop.coop\/cudecoop\/wp-json\/wp\/v2\/media?parent=4644"}],"wp:term":[{"taxonomy":"category","embeddable":true,"href":"http:\/\/www.cudecoop.coop\/cudecoop\/wp-json\/wp\/v2\/categories?post=4644"},{"taxonomy":"post_tag","embeddable":true,"href":"http:\/\/www.cudecoop.coop\/cudecoop\/wp-json\/wp\/v2\/tags?post=4644"}],"curies":[{"name":"wp","href":"https:\/\/api.w.org\/{rel}","templated":true}]}}