{"id":451,"date":"2017-11-16T16:02:51","date_gmt":"2017-11-16T16:02:51","guid":{"rendered":"http:\/\/www.cudecoop.coop\/cudecoop\/?p=451"},"modified":"2017-12-08T15:59:33","modified_gmt":"2017-12-08T15:59:33","slug":"desarrollo-cooperativosection99","status":"publish","type":"post","link":"http:\/\/www.cudecoop.coop\/cudecoop\/desarrollo-cooperativosection99\/","title":{"rendered":"Es un orgullo contar con SURCO seguros en la Confederaci\u00f3n"},"content":{"rendered":"<p>En el marco de la reuni\u00f3n de las cooperativas y mutuales de seguros de las Am\u00e9ricas organizadas en su sectorial de ACI, ICMIF, que tiene lugar entre el 29 de noviembre y el 1\u00b0 de diciembre en Montevideo, la Dra. Fern\u00e1ndez, Presidenta de CUDECOOP, destac\u00f3 la importancia que tiene SURCO seguros para el movimiento cooperativo nacional como empresa cooperativa competente y exitosa, y el orgullo que presenta su presencia en nuestra Confederaci\u00f3n. En particular destac\u00f3 el ejemplo que esta organizaci\u00f3n representa para el Movimiento por su propia integraci\u00f3n intercooperativa.<\/p>\n<p>Agradeci\u00f3 a los participantes y puso a disposici\u00f3n a la Confederaci\u00f3n con sus cooperativistas comprometidos.<\/p>\n<p>La Dra. Fern\u00e1ndez comparti\u00f3 el espacio de apertura con el Dr. Ariel Guarco, novel presidente de la Alianza Cooperativa Internacional, quien agradeci\u00f3 al pueblo uruguayo el apoyo a su candidatura. Guarco destac\u00f3 que en el mundo hay m\u00e1s de mil millones de cooperativistas que eligen ser eficientes en el mercado y con responsabilidad humana.<\/p>\n<p>Estuvieron tambi\u00e9n en la apertura el presidente del INACOOP, Gustavo Bernini, por SURCO seguros su presidente Sergio Fuentes y su gerente general Andr\u00e9s Elola, as\u00ed como Georgina D\u00edaz S\u00e1nchez presidenta de ICMIF Am\u00e9ricas, y Juan Pedro Cantera, Superintendente de Servicios Financieros del Banco Central del Uruguay.<\/p>\n","protected":false},"excerpt":{"rendered":"<p>La Dra. Fern\u00e1ndez realiz\u00f3 la apertura de la 25 edici\u00f3n del ICMIF en Montevideo.<\/p>\n","protected":false},"author":9,"featured_media":511,"comment_status":"open","ping_status":"open","sticky":false,"template":"","format":"image","meta":{"_acf_changed":false,"ngg_post_thumbnail":0,"footnotes":""},"categories":[7,6,1],"tags":[],"class_list":["post-451","post","type-post","status-publish","format-image","has-post-thumbnail","hentry","category-cooperativas","category-institucionales","category-noticias","post_format-post-format-image"],"acf":[],"_links":{"self":[{"href":"http:\/\/www.cudecoop.coop\/cudecoop\/wp-json\/wp\/v2\/posts\/451","targetHints":{"allow":["GET"]}}],"collection":[{"href":"http:\/\/www.cudecoop.coop\/cudecoop\/wp-json\/wp\/v2\/posts"}],"about":[{"href":"http:\/\/www.cudecoop.coop\/cudecoop\/wp-json\/wp\/v2\/types\/post"}],"author":[{"embeddable":true,"href":"http:\/\/www.cudecoop.coop\/cudecoop\/wp-json\/wp\/v2\/users\/9"}],"replies":[{"embeddable":true,"href":"http:\/\/www.cudecoop.coop\/cudecoop\/wp-json\/wp\/v2\/comments?post=451"}],"version-history":[{"count":4,"href":"http:\/\/www.cudecoop.coop\/cudecoop\/wp-json\/wp\/v2\/posts\/451\/revisions"}],"predecessor-version":[{"id":537,"href":"http:\/\/www.cudecoop.coop\/cudecoop\/wp-json\/wp\/v2\/posts\/451\/revisions\/537"}],"wp:featuredmedia":[{"embeddable":true,"href":"http:\/\/www.cudecoop.coop\/cudecoop\/wp-json\/wp\/v2\/media\/511"}],"wp:attachment":[{"href":"http:\/\/www.cudecoop.coop\/cudecoop\/wp-json\/wp\/v2\/media?parent=451"}],"wp:term":[{"taxonomy":"category","embeddable":true,"href":"http:\/\/www.cudecoop.coop\/cudecoop\/wp-json\/wp\/v2\/categories?post=451"},{"taxonomy":"post_tag","embeddable":true,"href":"http:\/\/www.cudecoop.coop\/cudecoop\/wp-json\/wp\/v2\/tags?post=451"}],"curies":[{"name":"wp","href":"https:\/\/api.w.org\/{rel}","templated":true}]}}