{"id":4496,"date":"2024-06-04T18:52:49","date_gmt":"2024-06-04T18:52:49","guid":{"rendered":"https:\/\/www.cudecoop.coop\/cudecoop\/?p=4496"},"modified":"2024-06-04T19:02:08","modified_gmt":"2024-06-04T19:02:08","slug":"termino-el-curso-de-comunicacion-para-cooperativas-de-trabajo","status":"publish","type":"post","link":"http:\/\/www.cudecoop.coop\/cudecoop\/termino-el-curso-de-comunicacion-para-cooperativas-de-trabajo\/","title":{"rendered":"Termin\u00f3 el curso de Comunicaci\u00f3n para Cooperativas de Trabajo"},"content":{"rendered":"<p>Finaliz\u00f3 el Laboratorio para la profesionalizaci\u00f3n de la comunicaci\u00f3n en las cooperativas de<br \/>\ntrabajo, un proyecto de formaci\u00f3n en Comunicaci\u00f3n que llev\u00f3 adelante la FCPU a trav\u00e9s del<br \/>\nfondo Talento ANDE y consisti\u00f3 en 10 instancias de formaci\u00f3n para 12 cooperativas de<br \/>\nMontevideo y Canelones. El equipo docente estuvo a cargo de Juan Manuel Chaves<br \/>\n(coordinador), Mar\u00eda Laura Coria (responsable de formaci\u00f3n), Natalia Acosta y Valentina<br \/>\nLaslvia (equipo docente integrante de Subte), Santiago Mazzarovich (docente de fotograf\u00eda e<br \/>\nintegrante de Cooperativa Adhoc) y Katherine Ca\u00f1izalez (docente de email marketing).<br \/>\nLa Federaci\u00f3n de Cooperativas de Producci\u00f3n del Uruguay (FCPU) se ha centrado en estos<br \/>\n\u00faltimos a\u00f1os en mejorar las capacidades productivas de las cooperativas de trabajo mediante<br \/>\nacciones de pol\u00edtica p\u00fablica y formaci\u00f3n espec\u00edfica en gesti\u00f3n. En los \u00faltimos a\u00f1os, se ha<br \/>\ndetectado que, aunque muchas cooperativas han avanzado en su gesti\u00f3n interna, necesitan<br \/>\nherramientas para mejorar su visibilidad y comunicaci\u00f3n.<br \/>\nUn estudio de la Usina de Percepci\u00f3n Ciudadana en 2022 revel\u00f3 que, aunque el<br \/>\ncooperativismo tiene una buena valoraci\u00f3n entre la poblaci\u00f3n, su visibilidad es baja. Para<br \/>\nabordar este desaf\u00edo, la FCPU ha desarrollado el &amp;quot;Manual de Comunicaci\u00f3n Digital de las<br \/>\ncooperativas de trabajo&amp;quot;, y ahora propone el proyecto &amp;quot;Laboratorio para la profesionalizaci\u00f3n<br \/>\nde la comunicaci\u00f3n en las cooperativas de trabajo&amp;quot;. Este proyecto busca capacitar a 12<br \/>\ncooperativas en comunicaci\u00f3n digital a trav\u00e9s de cursos, din\u00e1micas de educaci\u00f3n a distancia y<br \/>\ntutor\u00edas.<br \/>\nEl enfoque del proyecto incluye la formaci\u00f3n en fotograf\u00eda digital y email marketing, con el<br \/>\nobjetivo de mejorar la visibilidad de los logros y el posicionamiento de productos y servicios.<br \/>\nLas capacitaciones se estructurar\u00e1n en dos m\u00f3dulos: uno sobre herramientas b\u00e1sicas de<br \/>\ncomunicaci\u00f3n digital y otro sobre creaci\u00f3n de contenido digital. Se busca una<br \/>\nimplementaci\u00f3n pr\u00e1ctica de los conocimientos adquiridos, con un enfoque en la medici\u00f3n y<br \/>\ncorrecci\u00f3n continua de las estrategias de comunicaci\u00f3n.<\/p>\n","protected":false},"excerpt":{"rendered":"<p>Finaliz\u00f3 el Laboratorio para la profesionalizaci\u00f3n de la comunicaci\u00f3n en las cooperativas de<br \/> trabajo, un proyecto de formaci\u00f3n en Comunicaci\u00f3n que llev\u00f3 adelante la FCPU a trav\u00e9s del<br \/> fondo Talento ANDE y consisti\u00f3 en 10 instancias de formaci\u00f3n para 12 cooperativas de<br \/> Montevideo y Canelones. El equipo docente estuvo a cargo de Juan Manuel Chaves<br \/> (coordinador), Mar\u00eda Laura Coria (responsable de formaci\u00f3n), Natalia Acosta y Valentina<br \/> Laslvia (equipo docente integrante de Subte), Santiago Mazzarovich (docente de fotograf\u00eda e<br \/> integrante de Cooperativa Adhoc) y Katherine Ca\u00f1izalez (docente de email marketing).<br \/> La Federaci\u00f3n de Cooperativas [&#8230;]<\/p>\n","protected":false},"author":27,"featured_media":0,"comment_status":"open","ping_status":"open","sticky":false,"template":"","format":"standard","meta":{"_acf_changed":false,"ngg_post_thumbnail":0,"footnotes":""},"categories":[1],"tags":[],"class_list":["post-4496","post","type-post","status-publish","format-standard","hentry","category-noticias"],"acf":[],"_links":{"self":[{"href":"http:\/\/www.cudecoop.coop\/cudecoop\/wp-json\/wp\/v2\/posts\/4496","targetHints":{"allow":["GET"]}}],"collection":[{"href":"http:\/\/www.cudecoop.coop\/cudecoop\/wp-json\/wp\/v2\/posts"}],"about":[{"href":"http:\/\/www.cudecoop.coop\/cudecoop\/wp-json\/wp\/v2\/types\/post"}],"author":[{"embeddable":true,"href":"http:\/\/www.cudecoop.coop\/cudecoop\/wp-json\/wp\/v2\/users\/27"}],"replies":[{"embeddable":true,"href":"http:\/\/www.cudecoop.coop\/cudecoop\/wp-json\/wp\/v2\/comments?post=4496"}],"version-history":[{"count":1,"href":"http:\/\/www.cudecoop.coop\/cudecoop\/wp-json\/wp\/v2\/posts\/4496\/revisions"}],"predecessor-version":[{"id":4497,"href":"http:\/\/www.cudecoop.coop\/cudecoop\/wp-json\/wp\/v2\/posts\/4496\/revisions\/4497"}],"wp:attachment":[{"href":"http:\/\/www.cudecoop.coop\/cudecoop\/wp-json\/wp\/v2\/media?parent=4496"}],"wp:term":[{"taxonomy":"category","embeddable":true,"href":"http:\/\/www.cudecoop.coop\/cudecoop\/wp-json\/wp\/v2\/categories?post=4496"},{"taxonomy":"post_tag","embeddable":true,"href":"http:\/\/www.cudecoop.coop\/cudecoop\/wp-json\/wp\/v2\/tags?post=4496"}],"curies":[{"name":"wp","href":"https:\/\/api.w.org\/{rel}","templated":true}]}}