{"id":448,"date":"2017-11-16T16:01:14","date_gmt":"2017-11-16T16:01:14","guid":{"rendered":"http:\/\/www.cudecoop.coop\/cudecoop\/?p=448"},"modified":"2017-12-05T22:13:12","modified_gmt":"2017-12-05T22:13:12","slug":"desarrollo-cooperativosection107","status":"publish","type":"post","link":"http:\/\/www.cudecoop.coop\/cudecoop\/desarrollo-cooperativosection107\/","title":{"rendered":"La Escuela de Cooperativismo es un hecho"},"content":{"rendered":"<p>Tras la apertura y encuadre realizado por la Presidenta de CUDECOOP, Dra. Graciela Fern\u00e1ndez, el Prof. Julio Cabrera, Responsable de Formaci\u00f3n de la Confederaci\u00f3n, realiz\u00f3 un punteo de los hitos y decisiones tomadas hasta el momento por los Consejeros.<\/p>\n<p>Del intercambio entre los presentes se lograron importantes an\u00e1lisis sobre los desaf\u00edos de esta etapa de consolidaci\u00f3n.<\/p>\n<p>La Dra. Fern\u00e1ndez expres\u00f3 su deseo de que en febrero 2018 se est\u00e9 firmando el estatuto de la Escuela, que en marzo ya se pueda estar trabajando en funci\u00f3n de lo que las Federaciones sugieran. \u201cTenemos claro que cada organizaci\u00f3n tiene su forma de capacitaci\u00f3n, pero lo que quiere la confederaci\u00f3n es unir todos estos sectores en la Escuela, y que opinen los dirigentes de las Federaciones hacia d\u00f3nde se quiere ir\u201d.<\/p>\n<p>Lu\u00eds \u00c1lvez, Presidente de la Federaci\u00f3n de Cooperativas de Producci\u00f3n, se\u00f1al\u00f3 que \u201ces un hecho la escuela cooperativa\u201d y que los aspectos organizativos, que no son neutros en relaci\u00f3n a la propuesta pedag\u00f3gica se ir\u00e1n concretando.<\/p>\n<p>Alicia Maneiro, presidenta de FUCVAM, indic\u00f3 el apoyo expreso de su Federaci\u00f3n a la conformaci\u00f3n de la Escuela sugiriendo desarrollarla dentro de la estructura de CUDECOOP. Se\u00f1al\u00f3 que \u201cFucvam apoya la conformaci\u00f3n de la Escuela ya que solo podremos avanzar con educaci\u00f3n\u201d<\/p>\n<p>Palmiro Sanguinet, por las cooperativas de Ahorro y Cr\u00e9dito indic\u00f3 que la Escuela es uno de los medios para el recambio generacional a trav\u00e9s de la formaci\u00f3n.<\/p>\n<p>Rosana Perdomo, directora del INEFOP por la econom\u00eda social, resalt\u00f3 la relevancia del consenso que existe sobre la conformaci\u00f3n de la Escuela, en el que se comparte el alcance y objeto de la misma.<\/p>\n<p>Sin lugar a dudas la actividad ratific\u00f3 la importancia de avanzar en la consolidaci\u00f3n de la Escuela, cuyas acciones en 2017 se centraron en el Programa d Formaci\u00f3n de Dirigentes Cooperativos y que m\u00e1s all\u00e1 del modelo organizacional definitivo que adopte, requerir\u00e1 profundizar las propuestas de formaci\u00f3n hacia las distintas clases cooperativas, en un importante esfuerzo conjunto con las Federaciones respectivas.<\/p>\n","protected":false},"excerpt":{"rendered":"<p>Este mi\u00e9rcoles 29 de noviembre se desarroll\u00f3 una nueva reuni\u00f3n de consejeros y autoridades del Movimiento cooperativo de cara a tomar algunas definiciones sobre el desarrollo de la Escuela Nacional de Cooperativismo.<\/p>\n","protected":false},"author":9,"featured_media":512,"comment_status":"open","ping_status":"open","sticky":false,"template":"","format":"image","meta":{"_acf_changed":false,"ngg_post_thumbnail":0,"footnotes":""},"categories":[7,6,1],"tags":[],"class_list":["post-448","post","type-post","status-publish","format-image","has-post-thumbnail","hentry","category-cooperativas","category-institucionales","category-noticias","post_format-post-format-image"],"acf":[],"_links":{"self":[{"href":"http:\/\/www.cudecoop.coop\/cudecoop\/wp-json\/wp\/v2\/posts\/448","targetHints":{"allow":["GET"]}}],"collection":[{"href":"http:\/\/www.cudecoop.coop\/cudecoop\/wp-json\/wp\/v2\/posts"}],"about":[{"href":"http:\/\/www.cudecoop.coop\/cudecoop\/wp-json\/wp\/v2\/types\/post"}],"author":[{"embeddable":true,"href":"http:\/\/www.cudecoop.coop\/cudecoop\/wp-json\/wp\/v2\/users\/9"}],"replies":[{"embeddable":true,"href":"http:\/\/www.cudecoop.coop\/cudecoop\/wp-json\/wp\/v2\/comments?post=448"}],"version-history":[{"count":4,"href":"http:\/\/www.cudecoop.coop\/cudecoop\/wp-json\/wp\/v2\/posts\/448\/revisions"}],"predecessor-version":[{"id":538,"href":"http:\/\/www.cudecoop.coop\/cudecoop\/wp-json\/wp\/v2\/posts\/448\/revisions\/538"}],"wp:featuredmedia":[{"embeddable":true,"href":"http:\/\/www.cudecoop.coop\/cudecoop\/wp-json\/wp\/v2\/media\/512"}],"wp:attachment":[{"href":"http:\/\/www.cudecoop.coop\/cudecoop\/wp-json\/wp\/v2\/media?parent=448"}],"wp:term":[{"taxonomy":"category","embeddable":true,"href":"http:\/\/www.cudecoop.coop\/cudecoop\/wp-json\/wp\/v2\/categories?post=448"},{"taxonomy":"post_tag","embeddable":true,"href":"http:\/\/www.cudecoop.coop\/cudecoop\/wp-json\/wp\/v2\/tags?post=448"}],"curies":[{"name":"wp","href":"https:\/\/api.w.org\/{rel}","templated":true}]}}