{"id":4122,"date":"2023-06-23T13:52:22","date_gmt":"2023-06-23T13:52:22","guid":{"rendered":"http:\/\/www.cudecoop.coop\/cudecoop\/?p=4122"},"modified":"2023-06-30T13:44:41","modified_gmt":"2023-06-30T13:44:41","slug":"dia-internacional-de-las-cooperativas-2023","status":"publish","type":"post","link":"http:\/\/www.cudecoop.coop\/cudecoop\/dia-internacional-de-las-cooperativas-2023\/","title":{"rendered":"D\u00eda Internacional de las Cooperativas 2023"},"content":{"rendered":"<p><strong>&#8220;Cooperativas por el desarrollo sostenible&#8221;<\/strong><\/p>\n<p>En el marco de la celebraci\u00f3n del D\u00eda Internacional de las Cooperativas, convocamos a participar de las actividades a desarrollarse el pr\u00f3ximo s\u00e1bado 1 de julio.&nbsp;<\/p>\n<p>Nos encontramos en COLEME, Jos\u00e9 Pedo Varela 1355, Melo, desde las 10:45 hs. en Cerro Largo, Capital Nacional del Cooperativismo 2023.<\/p>\n<p>Participar\u00e1n de la jornada \u00c1lvaro Delgado, secretario de Presidencia; Pablo Mieres, ministro de Trabajo y Seguridad Social; Jos\u00e9 Yurramendi, intendente de Cerro Largo; Alicia Maneiro, presidenta de Cudecoop, Mart\u00edn Fern\u00e1ndez, presidente de Inacoop y representantes de la Mesa Intercooperativa de Cerro Largo y de organizaciones cooperativas de R\u00edo Grande do Sul (Brasil).<\/p>\n<p>La actividad ser\u00e1 transmitida en vivo desde la cuenta de&nbsp;<a href=\"https:\/\/www.instagram.com\/cudecoop\/\">Instagram<\/a>&nbsp; de Cudecoop y canal de <a href=\"https:\/\/www.youtube.com\/@inacoop3694\">Youtube<\/a> de Inacoop.&nbsp;<\/p>\n<p>\u00a1Les esperamos!<\/p>\n<p>&nbsp;<\/p>\n","protected":false},"excerpt":{"rendered":"<p>&#8220;Cooperativas por el desarrollo sostenible&#8221; En el marco de la celebraci\u00f3n del D\u00eda Internacional de las Cooperativas, convocamos a participar de las actividades a desarrollarse el pr\u00f3ximo s\u00e1bado 1 de julio.&nbsp; Nos encontramos en COLEME, Jos\u00e9 Pedo Varela 1355, Melo, desde las 10:45 hs. en Cerro Largo, Capital Nacional del Cooperativismo 2023. Participar\u00e1n de la jornada \u00c1lvaro Delgado, secretario de Presidencia; Pablo Mieres, ministro de Trabajo y Seguridad Social; Jos\u00e9 Yurramendi, intendente de Cerro Largo; Alicia Maneiro, presidenta de Cudecoop, Mart\u00edn Fern\u00e1ndez, presidente de Inacoop y representantes de la Mesa Intercooperativa de Cerro Largo y de organizaciones cooperativas de R\u00edo [&#8230;]<\/p>\n","protected":false},"author":27,"featured_media":4123,"comment_status":"open","ping_status":"open","sticky":false,"template":"","format":"standard","meta":{"_acf_changed":false,"ngg_post_thumbnail":0,"footnotes":""},"categories":[7,6,1],"tags":[],"class_list":["post-4122","post","type-post","status-publish","format-standard","has-post-thumbnail","hentry","category-cooperativas","category-institucionales","category-noticias"],"acf":[],"_links":{"self":[{"href":"http:\/\/www.cudecoop.coop\/cudecoop\/wp-json\/wp\/v2\/posts\/4122","targetHints":{"allow":["GET"]}}],"collection":[{"href":"http:\/\/www.cudecoop.coop\/cudecoop\/wp-json\/wp\/v2\/posts"}],"about":[{"href":"http:\/\/www.cudecoop.coop\/cudecoop\/wp-json\/wp\/v2\/types\/post"}],"author":[{"embeddable":true,"href":"http:\/\/www.cudecoop.coop\/cudecoop\/wp-json\/wp\/v2\/users\/27"}],"replies":[{"embeddable":true,"href":"http:\/\/www.cudecoop.coop\/cudecoop\/wp-json\/wp\/v2\/comments?post=4122"}],"version-history":[{"count":4,"href":"http:\/\/www.cudecoop.coop\/cudecoop\/wp-json\/wp\/v2\/posts\/4122\/revisions"}],"predecessor-version":[{"id":4138,"href":"http:\/\/www.cudecoop.coop\/cudecoop\/wp-json\/wp\/v2\/posts\/4122\/revisions\/4138"}],"wp:featuredmedia":[{"embeddable":true,"href":"http:\/\/www.cudecoop.coop\/cudecoop\/wp-json\/wp\/v2\/media\/4123"}],"wp:attachment":[{"href":"http:\/\/www.cudecoop.coop\/cudecoop\/wp-json\/wp\/v2\/media?parent=4122"}],"wp:term":[{"taxonomy":"category","embeddable":true,"href":"http:\/\/www.cudecoop.coop\/cudecoop\/wp-json\/wp\/v2\/categories?post=4122"},{"taxonomy":"post_tag","embeddable":true,"href":"http:\/\/www.cudecoop.coop\/cudecoop\/wp-json\/wp\/v2\/tags?post=4122"}],"curies":[{"name":"wp","href":"https:\/\/api.w.org\/{rel}","templated":true}]}}