{"id":4117,"date":"2023-06-11T14:46:27","date_gmt":"2023-06-11T14:46:27","guid":{"rendered":"http:\/\/www.cudecoop.coop\/cudecoop\/?p=4117"},"modified":"2023-07-11T18:15:45","modified_gmt":"2023-07-11T18:15:45","slug":"se-realizo-la-expo-uruguay-sostenible-y-el-movimiento-cooperativo-dijo-presente","status":"publish","type":"post","link":"http:\/\/www.cudecoop.coop\/cudecoop\/se-realizo-la-expo-uruguay-sostenible-y-el-movimiento-cooperativo-dijo-presente\/","title":{"rendered":"Se realiz\u00f3 la Expo Uruguay Sostenible y el movimiento cooperativo dijo presente"},"content":{"rendered":"<p>Entre los d\u00edas 8 y 11 de junio se realiz\u00f3 una nueva edici\u00f3n de la Expo Uruguay Sostenible organizada por el Ministerio de Ambiente en el Antel Arena.&nbsp;<\/p>\n<p>Desde Cudecoop participamos junto al proyecto <a href=\"https:\/\/coopsostenible.uy\/\">Movimiento Cooperativo por Uruguay Sostenible<\/a> con un stand en el que funcion\u00f3 un living para entrevistas a cooperativas y un espacio para jugar a la trivia cooperativa,&nbsp;un juego que evidenci\u00f3 los v\u00ednculos entre conceptos cooperativos con los del desarrollo sostenible.&nbsp;<\/p>\n<p>Con gran concurrencia y la presencia del presidente de la Rep\u00fablica, Luis Lacalle Pou, y la intendenta de Montevideo, Carolina Cosse, se desarrollaron 15 espacios de intercambio y entrevistas en el living cooperativo.&nbsp;&nbsp;Todas las entrevistas realizadas fueron transmitidas en vivo a trav\u00e9s de nuestra cuenta de Instagram, para verlos puedes ingresar haciendo click <a href=\"https:\/\/www.instagram.com\/cudecoop\/\">aqu\u00ed<\/a><\/p>\n<p>Las entrevistas realizadas en el living cooperativo fueron a:&nbsp;<\/p>\n<p>Alicia Maneiro sobre la Contribuci\u00f3n del cooperativismo uruguayo al desarrollo sostenible.<\/p>\n<p>Flavia Carretto (Directora Unidad Econom\u00eda Social y Cooperativismo de la Intendencia de Canelones) \/ Cooperativa Bella Vela \/ Cooperativa Entrebichitos sobre la experiencia del Polo de Econom\u00eda Circular de Pando y las cooperativas.&nbsp;<\/p>\n<p>Las cooperativas Coople y Ecosinergia sobre la bioconstrucci\u00f3n en el cooperativismo.<\/p>\n<p>Graciela Fern\u00e1ndez (presidenta ACI Am\u00e9ricas &#8211; vicepresidenta ACI Mundial) y Paolo Berizzi (embajador Uni\u00f3n Europea en Uruguay) sobre las oportunidades del cooperativismo para contribuir al desarrollo sostenible y estrategias de cooperaci\u00f3n de la Uni\u00f3n Europea.<\/p>\n<p>CAVA sobre la cooperativa vitivin\u00edcola con sello de sostenibilidad.<\/p>\n<p>Uni\u00f3n Rural de Flores sobre la transformaci\u00f3n del Futuro: La Experiencia de una Cooperativa agraria con una Planta de Reciclaje en Acci\u00f3n.<\/p>\n<p>Grupo de Mujeres SFR Chacras de Porongos sobre&nbsp;&#8211; Circuitos cortos de comercializaci\u00f3n, aporte a la Econom\u00eda Verde.<\/p>\n<p>SFR San Antonio sobre&nbsp;Experiencias colectivas de mujeres de SFR en la comercializaci\u00f3n.<\/p>\n<p>Jorge Cartagena (Coordinador general de FUCC) sobre las&nbsp;Rondas de Negocios Intercooperativos para el desarrollo de proveedores en clave de Econom\u00eda Verde&nbsp;<\/p>\n<p>Federico Riani (Consultor) sobre la Asistencia T\u00e9cnica a Cooperativas de Consumo para una hoja de ruta de Econom\u00eda Verde.<\/p>\n<p>Sicoop sobre la herramienta de intercooperaci\u00f3n en el camino del desarrollo sostenible.&nbsp;<\/p>\n<p>Alicia Maneiro (presidenta de CUDECOOP) y Mart\u00edn Fern\u00e1ndez (presidente de INACOOP) sobre&nbsp;Los desaf\u00edos del cooperativismo y su contribuci\u00f3n al desarrollo sostenible.<\/p>\n<p>Proleco, Verde y Fucerep sobre&nbsp;Finanzas verdes en el cooperativismo.<\/p>\n<p>Cooperativas de vivienda sobre las experiencias de cooperativas de vivienda en la Econom\u00eda Verde<\/p>\n<p>Gabriel Isola (coordinador general de CUDECOOP), Cooperativa Energicoop y Cooperativa End\u00e9mica sobre&nbsp;&nbsp;Incubacoop y la incubaci\u00f3n de proyectos verdes.<\/p>\n<p>Por otro lado, tambi\u00e9n con la participaci\u00f3n del equipo de facilitadores del Proyecto Movimiento cooperativo por Uruguay sostenible,&nbsp;el s\u00e1bado 10 de junio se llev\u00f3 a cabo el&nbsp;Seminario: Contribuci\u00f3n del cooperativismo a la producci\u00f3n y consumo sostenibles en la Sala Espinillo del Antel Arena. En este espacio tambi\u00e9n estuvieron presentes cooperativas y acciones que est\u00e1n siendo parte de la ejecuci\u00f3n del proyecto que CUDECOOP lleva adelante junto a sus socias CAF, CCU, CNFR, FCPU y FUCC, con apoyo financiero de la Uni\u00f3n Europea en Uruguay.<\/p>\n","protected":false},"excerpt":{"rendered":"<p>Entre los d\u00edas 8 y 11 de junio se realiz\u00f3 una nueva edici\u00f3n de la Expo Uruguay Sostenible organizada por el Ministerio de Ambiente en el Antel Arena.&nbsp; Desde Cudecoop participamos junto al proyecto Movimiento Cooperativo por Uruguay Sostenible con un stand en el que funcion\u00f3 un living para entrevistas a cooperativas y un espacio para jugar a la trivia cooperativa,&nbsp;un juego que evidenci\u00f3 los v\u00ednculos entre conceptos cooperativos con los del desarrollo sostenible.&nbsp; Con gran concurrencia y la presencia del presidente de la Rep\u00fablica, Luis Lacalle Pou, y la intendenta de Montevideo, Carolina Cosse, se desarrollaron 15 espacios de [&#8230;]<\/p>\n","protected":false},"author":27,"featured_media":4154,"comment_status":"open","ping_status":"open","sticky":false,"template":"","format":"standard","meta":{"_acf_changed":false,"ngg_post_thumbnail":0,"footnotes":""},"categories":[7,6,1],"tags":[],"class_list":["post-4117","post","type-post","status-publish","format-standard","has-post-thumbnail","hentry","category-cooperativas","category-institucionales","category-noticias"],"acf":[],"_links":{"self":[{"href":"http:\/\/www.cudecoop.coop\/cudecoop\/wp-json\/wp\/v2\/posts\/4117","targetHints":{"allow":["GET"]}}],"collection":[{"href":"http:\/\/www.cudecoop.coop\/cudecoop\/wp-json\/wp\/v2\/posts"}],"about":[{"href":"http:\/\/www.cudecoop.coop\/cudecoop\/wp-json\/wp\/v2\/types\/post"}],"author":[{"embeddable":true,"href":"http:\/\/www.cudecoop.coop\/cudecoop\/wp-json\/wp\/v2\/users\/27"}],"replies":[{"embeddable":true,"href":"http:\/\/www.cudecoop.coop\/cudecoop\/wp-json\/wp\/v2\/comments?post=4117"}],"version-history":[{"count":2,"href":"http:\/\/www.cudecoop.coop\/cudecoop\/wp-json\/wp\/v2\/posts\/4117\/revisions"}],"predecessor-version":[{"id":4152,"href":"http:\/\/www.cudecoop.coop\/cudecoop\/wp-json\/wp\/v2\/posts\/4117\/revisions\/4152"}],"wp:featuredmedia":[{"embeddable":true,"href":"http:\/\/www.cudecoop.coop\/cudecoop\/wp-json\/wp\/v2\/media\/4154"}],"wp:attachment":[{"href":"http:\/\/www.cudecoop.coop\/cudecoop\/wp-json\/wp\/v2\/media?parent=4117"}],"wp:term":[{"taxonomy":"category","embeddable":true,"href":"http:\/\/www.cudecoop.coop\/cudecoop\/wp-json\/wp\/v2\/categories?post=4117"},{"taxonomy":"post_tag","embeddable":true,"href":"http:\/\/www.cudecoop.coop\/cudecoop\/wp-json\/wp\/v2\/tags?post=4117"}],"curies":[{"name":"wp","href":"https:\/\/api.w.org\/{rel}","templated":true}]}}