{"id":4112,"date":"2023-06-07T13:48:12","date_gmt":"2023-06-07T13:48:12","guid":{"rendered":"http:\/\/www.cudecoop.coop\/cudecoop\/?p=4112"},"modified":"2023-06-07T13:48:33","modified_gmt":"2023-06-07T13:48:33","slug":"cooperativas-presentes-en-la-expo-uruguay-sostenible","status":"publish","type":"post","link":"http:\/\/www.cudecoop.coop\/cudecoop\/cooperativas-presentes-en-la-expo-uruguay-sostenible\/","title":{"rendered":"Cooperativas presentes en la Expo Uruguay sostenible"},"content":{"rendered":"<p>Entre los d\u00edas jueves 8 y domingo 11 de junio CUDECOOP junto al proyecto Movimiento cooperativo por Uruguay sostenible participa de la expo Uruguay sostenible organizada por el Ministerio de Ambiente, en el Antel Arena.<\/p>\n<p>En los stands (52 y 53) desarrollaremos acciones que evidencian las diversas formas por las que las cooperativas contribuyen al desarrollo sostenible y al logro de la Agenda 2030.<\/p>\n<p>Dentro de estas acciones contaremos con un living cooperativo donde estaremos realizando entrevistas que podr\u00e1n ser vividas por el p\u00fablico de forma presencial, en el stand, o a trav\u00e9s del Instagram de CUDECOOP transmitidas en vivo. M\u00e1s abajo dejamos el detalle con la agenda de entrevistas.<\/p>\n<p>En el stand, el p\u00fablico tambi\u00e9n podr\u00e1 participar de la trivia cooperativa, un juego que busca evidenciar los v\u00ednculos entre conceptos cooperativos con los del desarrollo sostenible. Quienes participen podr\u00e1n llevarse premios especiales para la ocasi\u00f3n.<\/p>\n<p>Por otro lado, el d\u00eda s\u00e1bado 10 de junio de 10 a 12h, estaremos a cargo de la conferencia: Contribuci\u00f3n del cooperativismo a la producci\u00f3n y consumo sostenibles, que se realiza en la Sala Espinillo.<\/p>\n<p>Compartimos la agenda de entrevistas en el stand, y luego la informaci\u00f3n sobre la conferencia del d\u00eda s\u00e1bado.<\/p>\n<p>&nbsp;<\/p>\n<p><a href=\"http:\/\/www.cudecoop.coop\/cudecoop\/wp-content\/uploads\/2023\/06\/expo-Uruguay-sostenible-CUDECOOP.pdf\">expo Uruguay sostenible-CUDECOOP<\/a><\/p>\n","protected":false},"excerpt":{"rendered":"<p>Entre los d\u00edas jueves 8 y domingo 11 de junio CUDECOOP junto al proyecto Movimiento cooperativo por Uruguay sostenible participa de la expo Uruguay sostenible organizada por el Ministerio de Ambiente, en el Antel Arena. En los stands (52 y 53) desarrollaremos acciones que evidencian las diversas formas por las que las cooperativas contribuyen al desarrollo sostenible y al logro de la Agenda 2030. Dentro de estas acciones contaremos con un living cooperativo donde estaremos realizando entrevistas que podr\u00e1n ser vividas por el p\u00fablico de forma presencial, en el stand, o a trav\u00e9s del Instagram de CUDECOOP transmitidas en vivo. [&#8230;]<\/p>\n","protected":false},"author":27,"featured_media":4114,"comment_status":"open","ping_status":"open","sticky":false,"template":"","format":"standard","meta":{"_acf_changed":false,"ngg_post_thumbnail":0,"footnotes":""},"categories":[7,6,1],"tags":[],"class_list":["post-4112","post","type-post","status-publish","format-standard","has-post-thumbnail","hentry","category-cooperativas","category-institucionales","category-noticias"],"acf":[],"_links":{"self":[{"href":"http:\/\/www.cudecoop.coop\/cudecoop\/wp-json\/wp\/v2\/posts\/4112","targetHints":{"allow":["GET"]}}],"collection":[{"href":"http:\/\/www.cudecoop.coop\/cudecoop\/wp-json\/wp\/v2\/posts"}],"about":[{"href":"http:\/\/www.cudecoop.coop\/cudecoop\/wp-json\/wp\/v2\/types\/post"}],"author":[{"embeddable":true,"href":"http:\/\/www.cudecoop.coop\/cudecoop\/wp-json\/wp\/v2\/users\/27"}],"replies":[{"embeddable":true,"href":"http:\/\/www.cudecoop.coop\/cudecoop\/wp-json\/wp\/v2\/comments?post=4112"}],"version-history":[{"count":1,"href":"http:\/\/www.cudecoop.coop\/cudecoop\/wp-json\/wp\/v2\/posts\/4112\/revisions"}],"predecessor-version":[{"id":4115,"href":"http:\/\/www.cudecoop.coop\/cudecoop\/wp-json\/wp\/v2\/posts\/4112\/revisions\/4115"}],"wp:featuredmedia":[{"embeddable":true,"href":"http:\/\/www.cudecoop.coop\/cudecoop\/wp-json\/wp\/v2\/media\/4114"}],"wp:attachment":[{"href":"http:\/\/www.cudecoop.coop\/cudecoop\/wp-json\/wp\/v2\/media?parent=4112"}],"wp:term":[{"taxonomy":"category","embeddable":true,"href":"http:\/\/www.cudecoop.coop\/cudecoop\/wp-json\/wp\/v2\/categories?post=4112"},{"taxonomy":"post_tag","embeddable":true,"href":"http:\/\/www.cudecoop.coop\/cudecoop\/wp-json\/wp\/v2\/tags?post=4112"}],"curies":[{"name":"wp","href":"https:\/\/api.w.org\/{rel}","templated":true}]}}