{"id":4107,"date":"2023-06-01T13:16:07","date_gmt":"2023-06-01T13:16:07","guid":{"rendered":"http:\/\/www.cudecoop.coop\/cudecoop\/?p=4107"},"modified":"2023-06-01T13:16:07","modified_gmt":"2023-06-01T13:16:07","slug":"35-aniversario-cudecoop","status":"publish","type":"post","link":"http:\/\/www.cudecoop.coop\/cudecoop\/35-aniversario-cudecoop\/","title":{"rendered":"35 aniversario CUDECOOP"},"content":{"rendered":"<p>Hoy 2 de junio la Confederaci\u00f3n Uruguaya de Entidades Cooperativas cumple 35 a\u00f1os.<\/p>\n<p>Celebramos este aniversario con la convicci\u00f3n de que el cooperativismo es el modelo ideal para las respuestas que la Humanidad requiere en estos tiempos.<\/p>\n<p>Nuestras federaciones, cooperativas de base y dem\u00e1s entidades socias, con su perspectiva y experiencia podr\u00e1n dar la fuerza e impulso para transformar la formas de habitar nuestro mundo, y profundizar la conciencia social sobre los impactos de nuestras decisiones econ\u00f3micas.<\/p>\n<p>Unidos en la diversidad por una econom\u00eda m\u00e1s verde e inclusiva.&nbsp;<\/p>\n<p>COOPERATIVISMO = SOSTENIBILIDAD&nbsp;<\/p>\n","protected":false},"excerpt":{"rendered":"<p>Hoy 2 de junio la Confederaci\u00f3n Uruguaya de Entidades Cooperativas cumple 35 a\u00f1os. Celebramos este aniversario con la convicci\u00f3n de que el cooperativismo es el modelo ideal para las respuestas que la Humanidad requiere en estos tiempos. Nuestras federaciones, cooperativas de base y dem\u00e1s entidades socias, con su perspectiva y experiencia podr\u00e1n dar la fuerza e impulso para transformar la formas de habitar nuestro mundo, y profundizar la conciencia social sobre los impactos de nuestras decisiones econ\u00f3micas. Unidos en la diversidad por una econom\u00eda m\u00e1s verde e inclusiva.&nbsp; COOPERATIVISMO = [&#8230;]<\/p>\n","protected":false},"author":27,"featured_media":4108,"comment_status":"open","ping_status":"open","sticky":false,"template":"","format":"standard","meta":{"_acf_changed":false,"ngg_post_thumbnail":0,"footnotes":""},"categories":[7,6,1],"tags":[],"class_list":["post-4107","post","type-post","status-publish","format-standard","has-post-thumbnail","hentry","category-cooperativas","category-institucionales","category-noticias"],"acf":[],"_links":{"self":[{"href":"http:\/\/www.cudecoop.coop\/cudecoop\/wp-json\/wp\/v2\/posts\/4107","targetHints":{"allow":["GET"]}}],"collection":[{"href":"http:\/\/www.cudecoop.coop\/cudecoop\/wp-json\/wp\/v2\/posts"}],"about":[{"href":"http:\/\/www.cudecoop.coop\/cudecoop\/wp-json\/wp\/v2\/types\/post"}],"author":[{"embeddable":true,"href":"http:\/\/www.cudecoop.coop\/cudecoop\/wp-json\/wp\/v2\/users\/27"}],"replies":[{"embeddable":true,"href":"http:\/\/www.cudecoop.coop\/cudecoop\/wp-json\/wp\/v2\/comments?post=4107"}],"version-history":[{"count":2,"href":"http:\/\/www.cudecoop.coop\/cudecoop\/wp-json\/wp\/v2\/posts\/4107\/revisions"}],"predecessor-version":[{"id":4110,"href":"http:\/\/www.cudecoop.coop\/cudecoop\/wp-json\/wp\/v2\/posts\/4107\/revisions\/4110"}],"wp:featuredmedia":[{"embeddable":true,"href":"http:\/\/www.cudecoop.coop\/cudecoop\/wp-json\/wp\/v2\/media\/4108"}],"wp:attachment":[{"href":"http:\/\/www.cudecoop.coop\/cudecoop\/wp-json\/wp\/v2\/media?parent=4107"}],"wp:term":[{"taxonomy":"category","embeddable":true,"href":"http:\/\/www.cudecoop.coop\/cudecoop\/wp-json\/wp\/v2\/categories?post=4107"},{"taxonomy":"post_tag","embeddable":true,"href":"http:\/\/www.cudecoop.coop\/cudecoop\/wp-json\/wp\/v2\/tags?post=4107"}],"curies":[{"name":"wp","href":"https:\/\/api.w.org\/{rel}","templated":true}]}}